{"id":35024,"date":"2015-12-12T10:02:45","date_gmt":"2015-12-12T08:02:45","guid":{"rendered":"http:\/\/sana.sy\/es\/?p=35024"},"modified":"2015-12-12T14:01:10","modified_gmt":"2015-12-12T12:01:10","slug":"bagdad-presenta-queja-formal-ante-el-cs-tras-incursion-de-tropas-turcas-en-irak","status":"publish","type":"post","link":"https:\/\/archive.sana.sy\/es\/?p=35024","title":{"rendered":"Bagdad presenta queja formal ante el CS tras incursi\u00f3n de tropas turcas en Irak"},"content":{"rendered":"<p><span style=\"color: #800000\">Bagdad, SANA<\/span><\/p>\n<p>El primer ministro de Irak, Haider al-Abadi, expres\u00f3 la voluntad de pedirle al Consejo de Seguridad de la ONU que exija a Turqu\u00eda que retire sus fuerzas de Irak inmediatamente.<\/p>\n<p>En una declaraci\u00f3n, al-Abadi dijo que la presencia de tropas turcas en Irak es una &#8220;violaci\u00f3n flagrante de la Carta de la ONU&#8221; y no fue autorizada por las autoridades iraqu\u00edes.<\/p>\n<p>Asimismo, exigi\u00f3 al Consejo de Seguridad de las Naciones Unidas que asuma la responsabilidad y pida que Turqu\u00eda retire inmediatamente sus tropas.<\/p>\n<p>El primer ministro iraqu\u00ed orden\u00f3 al ministerio de Exteriores presentar una queja formal ante el Consejo de Seguridad tras la incursi\u00f3n de las tropas turcas en Irak.<\/p>\n<p>&nbsp;<\/p>\n<p>&nbsp;<\/p>\n<p>Fady M., Lynn A.<\/p>\n","protected":false},"excerpt":{"rendered":"<p>Bagdad, SANA El primer ministro de Irak, Haider al-Abadi, expres\u00f3 la voluntad de pedirle al Consejo de Seguridad de la ONU que exija a Turqu\u00eda que retire sus fuerzas de Irak inmediatamente. En una declaraci\u00f3n, al-Abadi dijo que la presencia de tropas turcas en Irak es una &#8220;violaci\u00f3n flagrante de la Carta de la ONU&#8221; &hellip;<\/p>\n","protected":false},"author":24,"featured_media":21110,"comment_status":"closed","ping_status":"closed","sticky":false,"template":"","format":"standard","meta":{"footnotes":""},"categories":[597,456,457,7541],"tags":[],"class_list":["post-35024","post","type-post","status-publish","format-standard","has-post-thumbnail","","category-cinta-de-noticias","category-arabe-internacional-politica","category-noticias-arabe-internacional-politica","category-ultimas-noticias"],"_links":{"self":[{"href":"https:\/\/archive.sana.sy\/es\/index.php?rest_route=\/wp\/v2\/posts\/35024"}],"collection":[{"href":"https:\/\/archive.sana.sy\/es\/index.php?rest_route=\/wp\/v2\/posts"}],"about":[{"href":"https:\/\/archive.sana.sy\/es\/index.php?rest_route=\/wp\/v2\/types\/post"}],"author":[{"embeddable":true,"href":"https:\/\/archive.sana.sy\/es\/index.php?rest_route=\/wp\/v2\/users\/24"}],"replies":[{"embeddable":true,"href":"https:\/\/archive.sana.sy\/es\/index.php?rest_route=%2Fwp%2Fv2%2Fcomments&post=35024"}],"version-history":[{"count":0,"href":"https:\/\/archive.sana.sy\/es\/index.php?rest_route=\/wp\/v2\/posts\/35024\/revisions"}],"wp:featuredmedia":[{"embeddable":true,"href":"https:\/\/archive.sana.sy\/es\/index.php?rest_route=\/wp\/v2\/media\/21110"}],"wp:attachment":[{"href":"https:\/\/archive.sana.sy\/es\/index.php?rest_route=%2Fwp%2Fv2%2Fmedia&parent=35024"}],"wp:term":[{"taxonomy":"category","embeddable":true,"href":"https:\/\/archive.sana.sy\/es\/index.php?rest_route=%2Fwp%2Fv2%2Fcategories&post=35024"},{"taxonomy":"post_tag","embeddable":true,"href":"https:\/\/archive.sana.sy\/es\/index.php?rest_route=%2Fwp%2Fv2%2Ftags&post=35024"}],"curies":[{"name":"wp","href":"https:\/\/api.w.org\/{rel}","templated":true}]}}