{"id":350344,"date":"2025-04-09T12:15:15","date_gmt":"2025-04-09T09:15:15","guid":{"rendered":"https:\/\/sana.sy\/es\/?p=350344"},"modified":"2025-04-09T12:16:40","modified_gmt":"2025-04-09T09:16:40","slug":"eeuu-celebra-formacion-del-gobierno-de-transicion-en-siria","status":"publish","type":"post","link":"https:\/\/archive.sana.sy\/es\/?p=350344","title":{"rendered":"EEUU celebra formaci\u00f3n del gobierno de transici\u00f3n en Siria"},"content":{"rendered":"<p style=\"text-align: justify;\"><span style=\"color: #800000;\"><strong>Washington, 9 abr (SANA)\u00a0<\/strong> <\/span>El Departamento de Estado de EE.UU. expres\u00f3 su respaldo a la formaci\u00f3n del gobierno de transici\u00f3n en Siria y lo calific\u00f3 de un &#8220;paso positivo\u201d hacia una Siria inclusiva y representativa.<\/p>\n<p style=\"text-align: justify;\">&#8220;Reconocemos las luchas del pueblo sirio que ha sufrido d\u00e9cadas bajo el gobierno desp\u00f3tico y opresivo del ex r\u00e9gimen de Al Asad, y esperamos que este anuncio representa un paso positivo para una Siria inclusiva y representativa&#8221;, dijo la portavoz del Departamento de Estado, Tammy Bruce<\/p>\n","protected":false},"excerpt":{"rendered":"<p>Washington, 9 abr (SANA)\u00a0 El Departamento de Estado de EE.UU. expres\u00f3 su respaldo a la formaci\u00f3n del gobierno de transici\u00f3n en Siria y lo calific\u00f3 de un &#8220;paso positivo\u201d hacia una Siria inclusiva y representativa. &#8220;Reconocemos las luchas del pueblo sirio que ha sufrido d\u00e9cadas bajo el gobierno desp\u00f3tico y opresivo del ex r\u00e9gimen de &hellip;<\/p>\n","protected":false},"author":35,"featured_media":350346,"comment_status":"closed","ping_status":"closed","sticky":false,"template":"","format":"standard","meta":{"footnotes":""},"categories":[597,456,16687,20724,467,7541],"tags":[],"class_list":["post-350344","post","type-post","status-publish","format-standard","has-post-thumbnail","","category-cinta-de-noticias","category-arabe-internacional-politica","category-internacionales","category-minuto-a-minuto","category-siria-y-el-mundo","category-ultimas-noticias"],"_links":{"self":[{"href":"https:\/\/archive.sana.sy\/es\/index.php?rest_route=\/wp\/v2\/posts\/350344"}],"collection":[{"href":"https:\/\/archive.sana.sy\/es\/index.php?rest_route=\/wp\/v2\/posts"}],"about":[{"href":"https:\/\/archive.sana.sy\/es\/index.php?rest_route=\/wp\/v2\/types\/post"}],"author":[{"embeddable":true,"href":"https:\/\/archive.sana.sy\/es\/index.php?rest_route=\/wp\/v2\/users\/35"}],"replies":[{"embeddable":true,"href":"https:\/\/archive.sana.sy\/es\/index.php?rest_route=%2Fwp%2Fv2%2Fcomments&post=350344"}],"version-history":[{"count":2,"href":"https:\/\/archive.sana.sy\/es\/index.php?rest_route=\/wp\/v2\/posts\/350344\/revisions"}],"predecessor-version":[{"id":350347,"href":"https:\/\/archive.sana.sy\/es\/index.php?rest_route=\/wp\/v2\/posts\/350344\/revisions\/350347"}],"wp:featuredmedia":[{"embeddable":true,"href":"https:\/\/archive.sana.sy\/es\/index.php?rest_route=\/wp\/v2\/media\/350346"}],"wp:attachment":[{"href":"https:\/\/archive.sana.sy\/es\/index.php?rest_route=%2Fwp%2Fv2%2Fmedia&parent=350344"}],"wp:term":[{"taxonomy":"category","embeddable":true,"href":"https:\/\/archive.sana.sy\/es\/index.php?rest_route=%2Fwp%2Fv2%2Fcategories&post=350344"},{"taxonomy":"post_tag","embeddable":true,"href":"https:\/\/archive.sana.sy\/es\/index.php?rest_route=%2Fwp%2Fv2%2Ftags&post=350344"}],"curies":[{"name":"wp","href":"https:\/\/api.w.org\/{rel}","templated":true}]}}