{"id":350348,"date":"2025-04-09T12:22:34","date_gmt":"2025-04-09T09:22:34","guid":{"rendered":"https:\/\/sana.sy\/es\/?p=350348"},"modified":"2025-04-09T12:23:45","modified_gmt":"2025-04-09T09:23:45","slug":"argelia-y-somalia-solicitan-sesion-de-emergencia-del-consejo-de-seguridad-tras-agresiones-israelies-contra-siria","status":"publish","type":"post","link":"https:\/\/archive.sana.sy\/es\/?p=350348","title":{"rendered":"Argelia y Somalia solicitan sesi\u00f3n de emergencia del Consejo de Seguridad tras agresiones israel\u00edes contra Siria"},"content":{"rendered":"<p style=\"text-align: justify;\"><span style=\"color: #800000;\"><strong>Nueva York, 9 abr (SANA)<\/strong><\/span>\u00a0 Los gobiernos de Argelia y Somalia reclamaron la celebraci\u00f3n de una reuni\u00f3n de emergencia del Consejo de Seguridad de Naciones Unidas sobre la intensificaci\u00f3n de los ataques militares israel\u00edes contra el territorio sirio .<\/p>\n<p style=\"text-align: justify;\">Seg\u00fan las informaciones recogidas por la agencia estatal argelina de noticias\u201d APS\u201d la petici\u00f3n de esta reuni\u00f3n lleg\u00f3 tras consultas y acuerdos con el Grupo \u00c1rabe en Nueva York.<\/p>\n<p style=\"text-align: justify;\">Se espera que la presidencia del Consejo de Seguridad de la ONU celebre la sesi\u00f3n este jueves, 10 de abril, seg\u00fan revel\u00f3 el medio.<\/p>\n","protected":false},"excerpt":{"rendered":"<p>Nueva York, 9 abr (SANA)\u00a0 Los gobiernos de Argelia y Somalia reclamaron la celebraci\u00f3n de una reuni\u00f3n de emergencia del Consejo de Seguridad de Naciones Unidas sobre la intensificaci\u00f3n de los ataques militares israel\u00edes contra el territorio sirio . Seg\u00fan las informaciones recogidas por la agencia estatal argelina de noticias\u201d APS\u201d la petici\u00f3n de esta &hellip;<\/p>\n","protected":false},"author":35,"featured_media":350349,"comment_status":"closed","ping_status":"closed","sticky":false,"template":"","format":"standard","meta":{"footnotes":""},"categories":[597,456,16687,20724,467,7541],"tags":[],"class_list":["post-350348","post","type-post","status-publish","format-standard","has-post-thumbnail","","category-cinta-de-noticias","category-arabe-internacional-politica","category-internacionales","category-minuto-a-minuto","category-siria-y-el-mundo","category-ultimas-noticias"],"_links":{"self":[{"href":"https:\/\/archive.sana.sy\/es\/index.php?rest_route=\/wp\/v2\/posts\/350348"}],"collection":[{"href":"https:\/\/archive.sana.sy\/es\/index.php?rest_route=\/wp\/v2\/posts"}],"about":[{"href":"https:\/\/archive.sana.sy\/es\/index.php?rest_route=\/wp\/v2\/types\/post"}],"author":[{"embeddable":true,"href":"https:\/\/archive.sana.sy\/es\/index.php?rest_route=\/wp\/v2\/users\/35"}],"replies":[{"embeddable":true,"href":"https:\/\/archive.sana.sy\/es\/index.php?rest_route=%2Fwp%2Fv2%2Fcomments&post=350348"}],"version-history":[{"count":2,"href":"https:\/\/archive.sana.sy\/es\/index.php?rest_route=\/wp\/v2\/posts\/350348\/revisions"}],"predecessor-version":[{"id":350351,"href":"https:\/\/archive.sana.sy\/es\/index.php?rest_route=\/wp\/v2\/posts\/350348\/revisions\/350351"}],"wp:featuredmedia":[{"embeddable":true,"href":"https:\/\/archive.sana.sy\/es\/index.php?rest_route=\/wp\/v2\/media\/350349"}],"wp:attachment":[{"href":"https:\/\/archive.sana.sy\/es\/index.php?rest_route=%2Fwp%2Fv2%2Fmedia&parent=350348"}],"wp:term":[{"taxonomy":"category","embeddable":true,"href":"https:\/\/archive.sana.sy\/es\/index.php?rest_route=%2Fwp%2Fv2%2Fcategories&post=350348"},{"taxonomy":"post_tag","embeddable":true,"href":"https:\/\/archive.sana.sy\/es\/index.php?rest_route=%2Fwp%2Fv2%2Ftags&post=350348"}],"curies":[{"name":"wp","href":"https:\/\/api.w.org\/{rel}","templated":true}]}}