{"id":350361,"date":"2025-04-09T16:54:19","date_gmt":"2025-04-09T13:54:19","guid":{"rendered":"https:\/\/sana.sy\/es\/?p=350361"},"modified":"2025-04-09T16:54:19","modified_gmt":"2025-04-09T13:54:19","slug":"segundo-convoy-de-las-fuerzas-democraticas-sirias-sale-de-los-barrios-de-ashrafieh-y-sheikh-maqsoud","status":"publish","type":"post","link":"https:\/\/archive.sana.sy\/es\/?p=350361","title":{"rendered":"Segundo convoy de las Fuerzas Democr\u00e1ticas Sirias sale de los barrios de Ashrafieh y Sheikh Maqsoud"},"content":{"rendered":"<p style=\"text-align: justify\"><span style=\"color: #800000\"><strong>Alepo, 9 abr (SANA)<\/strong><\/span> Bajo la supervisi\u00f3n del Ministerio de Defensa y de las Fuerzas de Seguridad General, el segundo convoy de las Fuerzas Democr\u00e1ticas Sirias (FDS) ha comenzado a salir de los barrios de Ashrafieh y Sheikh Maqsoud, en la ciudad de Alepo.<\/p>\n<p style=\"text-align: justify\">De acuerdo con reportes del corresponsal de SANA en Alepo, la columna sali\u00f3 en direcci\u00f3n hacia el este del r\u00edo \u00c9ufrates (nordeste de Siria).<\/p>\n<div id='gallery-1' class='gallery galleryid-350361 gallery-columns-1 gallery-size-full'><figure class='gallery-item'>\n\t\t\t<div class='gallery-icon landscape'>\n\t\t\t\t<a href='https:\/\/archive.sana.sy\/es\/wp-content\/uploads\/2025\/04\/Segundo-convoy-de-las-Fuerzas-Democraticas-Sirias-sale-de-los-barrios-de-Ashrafieh-y-Sheikh-Maqsoud-3.jpg'><img loading=\"lazy\" decoding=\"async\" width=\"660\" height=\"370\" src=\"https:\/\/archive.sana.sy\/es\/wp-content\/uploads\/2025\/04\/Segundo-convoy-de-las-Fuerzas-Democraticas-Sirias-sale-de-los-barrios-de-Ashrafieh-y-Sheikh-Maqsoud-3.jpg\" class=\"attachment-full size-full\" alt=\"\" srcset=\"https:\/\/archive.sana.sy\/es\/wp-content\/uploads\/2025\/04\/Segundo-convoy-de-las-Fuerzas-Democraticas-Sirias-sale-de-los-barrios-de-Ashrafieh-y-Sheikh-Maqsoud-3.jpg 660w, https:\/\/archive.sana.sy\/es\/wp-content\/uploads\/2025\/04\/Segundo-convoy-de-las-Fuerzas-Democraticas-Sirias-sale-de-los-barrios-de-Ashrafieh-y-Sheikh-Maqsoud-3-300x168.jpg 300w, https:\/\/archive.sana.sy\/es\/wp-content\/uploads\/2025\/04\/Segundo-convoy-de-las-Fuerzas-Democraticas-Sirias-sale-de-los-barrios-de-Ashrafieh-y-Sheikh-Maqsoud-3-150x84.jpg 150w\" sizes=\"(max-width: 660px) 100vw, 660px\" \/><\/a>\n\t\t\t<\/div><\/figure><figure class='gallery-item'>\n\t\t\t<div class='gallery-icon landscape'>\n\t\t\t\t<a href='https:\/\/archive.sana.sy\/es\/wp-content\/uploads\/2025\/04\/Segundo-convoy-de-las-Fuerzas-Democraticas-Sirias-sale-de-los-barrios-de-Ashrafieh-y-Sheikh-Maqsoud-5.jpg'><img loading=\"lazy\" decoding=\"async\" width=\"660\" height=\"464\" src=\"https:\/\/archive.sana.sy\/es\/wp-content\/uploads\/2025\/04\/Segundo-convoy-de-las-Fuerzas-Democraticas-Sirias-sale-de-los-barrios-de-Ashrafieh-y-Sheikh-Maqsoud-5.jpg\" class=\"attachment-full size-full\" alt=\"\" srcset=\"https:\/\/archive.sana.sy\/es\/wp-content\/uploads\/2025\/04\/Segundo-convoy-de-las-Fuerzas-Democraticas-Sirias-sale-de-los-barrios-de-Ashrafieh-y-Sheikh-Maqsoud-5.jpg 660w, https:\/\/archive.sana.sy\/es\/wp-content\/uploads\/2025\/04\/Segundo-convoy-de-las-Fuerzas-Democraticas-Sirias-sale-de-los-barrios-de-Ashrafieh-y-Sheikh-Maqsoud-5-300x211.jpg 300w, https:\/\/archive.sana.sy\/es\/wp-content\/uploads\/2025\/04\/Segundo-convoy-de-las-Fuerzas-Democraticas-Sirias-sale-de-los-barrios-de-Ashrafieh-y-Sheikh-Maqsoud-5-150x105.jpg 150w\" sizes=\"(max-width: 660px) 100vw, 660px\" \/><\/a>\n\t\t\t<\/div><\/figure><figure class='gallery-item'>\n\t\t\t<div class='gallery-icon landscape'>\n\t\t\t\t<a href='https:\/\/archive.sana.sy\/es\/wp-content\/uploads\/2025\/04\/Segundo-convoy-de-las-Fuerzas-Democraticas-Sirias-sale-de-los-barrios-de-Ashrafieh-y-Sheikh-Maqsoud-1.jpg'><img loading=\"lazy\" decoding=\"async\" width=\"660\" height=\"330\" src=\"https:\/\/archive.sana.sy\/es\/wp-content\/uploads\/2025\/04\/Segundo-convoy-de-las-Fuerzas-Democraticas-Sirias-sale-de-los-barrios-de-Ashrafieh-y-Sheikh-Maqsoud-1.jpg\" class=\"attachment-full size-full\" alt=\"\" srcset=\"https:\/\/archive.sana.sy\/es\/wp-content\/uploads\/2025\/04\/Segundo-convoy-de-las-Fuerzas-Democraticas-Sirias-sale-de-los-barrios-de-Ashrafieh-y-Sheikh-Maqsoud-1.jpg 660w, https:\/\/archive.sana.sy\/es\/wp-content\/uploads\/2025\/04\/Segundo-convoy-de-las-Fuerzas-Democraticas-Sirias-sale-de-los-barrios-de-Ashrafieh-y-Sheikh-Maqsoud-1-300x150.jpg 300w, https:\/\/archive.sana.sy\/es\/wp-content\/uploads\/2025\/04\/Segundo-convoy-de-las-Fuerzas-Democraticas-Sirias-sale-de-los-barrios-de-Ashrafieh-y-Sheikh-Maqsoud-1-150x75.jpg 150w\" sizes=\"(max-width: 660px) 100vw, 660px\" \/><\/a>\n\t\t\t<\/div><\/figure><figure class='gallery-item'>\n\t\t\t<div class='gallery-icon landscape'>\n\t\t\t\t<a href='https:\/\/archive.sana.sy\/es\/wp-content\/uploads\/2025\/04\/Segundo-convoy-de-las-Fuerzas-Democraticas-Sirias-sale-de-los-barrios-de-Ashrafieh-y-Sheikh-Maqsoud-1-1.jpg'><img loading=\"lazy\" decoding=\"async\" width=\"660\" height=\"495\" src=\"https:\/\/archive.sana.sy\/es\/wp-content\/uploads\/2025\/04\/Segundo-convoy-de-las-Fuerzas-Democraticas-Sirias-sale-de-los-barrios-de-Ashrafieh-y-Sheikh-Maqsoud-1-1.jpg\" class=\"attachment-full size-full\" alt=\"\" srcset=\"https:\/\/archive.sana.sy\/es\/wp-content\/uploads\/2025\/04\/Segundo-convoy-de-las-Fuerzas-Democraticas-Sirias-sale-de-los-barrios-de-Ashrafieh-y-Sheikh-Maqsoud-1-1.jpg 660w, https:\/\/archive.sana.sy\/es\/wp-content\/uploads\/2025\/04\/Segundo-convoy-de-las-Fuerzas-Democraticas-Sirias-sale-de-los-barrios-de-Ashrafieh-y-Sheikh-Maqsoud-1-1-300x225.jpg 300w, https:\/\/archive.sana.sy\/es\/wp-content\/uploads\/2025\/04\/Segundo-convoy-de-las-Fuerzas-Democraticas-Sirias-sale-de-los-barrios-de-Ashrafieh-y-Sheikh-Maqsoud-1-1-150x113.jpg 150w\" sizes=\"(max-width: 660px) 100vw, 660px\" \/><\/a>\n\t\t\t<\/div><\/figure><figure class='gallery-item'>\n\t\t\t<div class='gallery-icon landscape'>\n\t\t\t\t<a href='https:\/\/archive.sana.sy\/es\/wp-content\/uploads\/2025\/04\/Segundo-convoy-de-las-Fuerzas-Democraticas-Sirias-sale-de-los-barrios-de-Ashrafieh-y-Sheikh-Maqsoud-2.jpg'><img loading=\"lazy\" decoding=\"async\" width=\"660\" height=\"469\" src=\"https:\/\/archive.sana.sy\/es\/wp-content\/uploads\/2025\/04\/Segundo-convoy-de-las-Fuerzas-Democraticas-Sirias-sale-de-los-barrios-de-Ashrafieh-y-Sheikh-Maqsoud-2.jpg\" class=\"attachment-full size-full\" alt=\"\" srcset=\"https:\/\/archive.sana.sy\/es\/wp-content\/uploads\/2025\/04\/Segundo-convoy-de-las-Fuerzas-Democraticas-Sirias-sale-de-los-barrios-de-Ashrafieh-y-Sheikh-Maqsoud-2.jpg 660w, https:\/\/archive.sana.sy\/es\/wp-content\/uploads\/2025\/04\/Segundo-convoy-de-las-Fuerzas-Democraticas-Sirias-sale-de-los-barrios-de-Ashrafieh-y-Sheikh-Maqsoud-2-300x213.jpg 300w, https:\/\/archive.sana.sy\/es\/wp-content\/uploads\/2025\/04\/Segundo-convoy-de-las-Fuerzas-Democraticas-Sirias-sale-de-los-barrios-de-Ashrafieh-y-Sheikh-Maqsoud-2-150x107.jpg 150w\" sizes=\"(max-width: 660px) 100vw, 660px\" \/><\/a>\n\t\t\t<\/div><\/figure><figure class='gallery-item'>\n\t\t\t<div class='gallery-icon landscape'>\n\t\t\t\t<a href='https:\/\/archive.sana.sy\/es\/wp-content\/uploads\/2025\/04\/Segundo-convoy-de-las-Fuerzas-Democraticas-Sirias-sale-de-los-barrios-de-Ashrafieh-y-Sheikh-Maqsoud-4.jpg'><img loading=\"lazy\" decoding=\"async\" width=\"660\" height=\"469\" src=\"https:\/\/archive.sana.sy\/es\/wp-content\/uploads\/2025\/04\/Segundo-convoy-de-las-Fuerzas-Democraticas-Sirias-sale-de-los-barrios-de-Ashrafieh-y-Sheikh-Maqsoud-4.jpg\" class=\"attachment-full size-full\" alt=\"\" srcset=\"https:\/\/archive.sana.sy\/es\/wp-content\/uploads\/2025\/04\/Segundo-convoy-de-las-Fuerzas-Democraticas-Sirias-sale-de-los-barrios-de-Ashrafieh-y-Sheikh-Maqsoud-4.jpg 660w, https:\/\/archive.sana.sy\/es\/wp-content\/uploads\/2025\/04\/Segundo-convoy-de-las-Fuerzas-Democraticas-Sirias-sale-de-los-barrios-de-Ashrafieh-y-Sheikh-Maqsoud-4-300x213.jpg 300w, https:\/\/archive.sana.sy\/es\/wp-content\/uploads\/2025\/04\/Segundo-convoy-de-las-Fuerzas-Democraticas-Sirias-sale-de-los-barrios-de-Ashrafieh-y-Sheikh-Maqsoud-4-150x107.jpg 150w\" sizes=\"(max-width: 660px) 100vw, 660px\" \/><\/a>\n\t\t\t<\/div><\/figure>\n\t\t<\/div>\n\n","protected":false},"excerpt":{"rendered":"<p>Alepo, 9 abr (SANA) Bajo la supervisi\u00f3n del Ministerio de Defensa y de las Fuerzas de Seguridad General, el segundo convoy de las Fuerzas Democr\u00e1ticas Sirias (FDS) ha comenzado a salir de los barrios de Ashrafieh y Sheikh Maqsoud, en la ciudad de Alepo. De acuerdo con reportes del corresponsal de SANA en Alepo, la &hellip;<\/p>\n","protected":false},"author":24,"featured_media":350362,"comment_status":"closed","ping_status":"closed","sticky":false,"template":"","format":"standard","meta":{"footnotes":""},"categories":[447,597,20724,448,583],"tags":[],"class_list":["post-350361","post","type-post","status-publish","format-standard","has-post-thumbnail","","category-local-politica","category-cinta-de-noticias","category-minuto-a-minuto","category-noticias","category-slide"],"_links":{"self":[{"href":"https:\/\/archive.sana.sy\/es\/index.php?rest_route=\/wp\/v2\/posts\/350361"}],"collection":[{"href":"https:\/\/archive.sana.sy\/es\/index.php?rest_route=\/wp\/v2\/posts"}],"about":[{"href":"https:\/\/archive.sana.sy\/es\/index.php?rest_route=\/wp\/v2\/types\/post"}],"author":[{"embeddable":true,"href":"https:\/\/archive.sana.sy\/es\/index.php?rest_route=\/wp\/v2\/users\/24"}],"replies":[{"embeddable":true,"href":"https:\/\/archive.sana.sy\/es\/index.php?rest_route=%2Fwp%2Fv2%2Fcomments&post=350361"}],"version-history":[{"count":1,"href":"https:\/\/archive.sana.sy\/es\/index.php?rest_route=\/wp\/v2\/posts\/350361\/revisions"}],"predecessor-version":[{"id":350369,"href":"https:\/\/archive.sana.sy\/es\/index.php?rest_route=\/wp\/v2\/posts\/350361\/revisions\/350369"}],"wp:featuredmedia":[{"embeddable":true,"href":"https:\/\/archive.sana.sy\/es\/index.php?rest_route=\/wp\/v2\/media\/350362"}],"wp:attachment":[{"href":"https:\/\/archive.sana.sy\/es\/index.php?rest_route=%2Fwp%2Fv2%2Fmedia&parent=350361"}],"wp:term":[{"taxonomy":"category","embeddable":true,"href":"https:\/\/archive.sana.sy\/es\/index.php?rest_route=%2Fwp%2Fv2%2Fcategories&post=350361"},{"taxonomy":"post_tag","embeddable":true,"href":"https:\/\/archive.sana.sy\/es\/index.php?rest_route=%2Fwp%2Fv2%2Ftags&post=350361"}],"curies":[{"name":"wp","href":"https:\/\/api.w.org\/{rel}","templated":true}]}}