{"id":350371,"date":"2025-04-09T17:32:34","date_gmt":"2025-04-09T14:32:34","guid":{"rendered":"https:\/\/sana.sy\/es\/?p=350371"},"modified":"2025-04-09T17:45:00","modified_gmt":"2025-04-09T14:45:00","slug":"inauguran-la-3a-edicion-de-la-feria-agro-syria","status":"publish","type":"post","link":"https:\/\/archive.sana.sy\/es\/?p=350371","title":{"rendered":"Inauguran la 3\u00aa edici\u00f3n de la feria internacional &#8220;Agro Syria&#8221;"},"content":{"rendered":"<p style=\"text-align: justify\"><span style=\"color: #800000\"><strong>Damasco, 9 abr (SANA)<\/strong><\/span> Se ha inaugurado esta tarde en el recinto ferial de Damasco, la tercera edici\u00f3n de la Feria Internacional de Siria para la Maquinaria Agr\u00edcola, Ganader\u00eda y Suministros de la Producci\u00f3n Agr\u00edcola conocida como &#8220;Agro Siria&#8221;.<\/p>\n<p style=\"text-align: justify\">La exposici\u00f3n cuenta con la participaci\u00f3n de 120 compa\u00f1\u00edas \u00e1rabes e internacionales.<\/p>\n","protected":false},"excerpt":{"rendered":"<p>Damasco, 9 abr (SANA) Se ha inaugurado esta tarde en el recinto ferial de Damasco, la tercera edici\u00f3n de la Feria Internacional de Siria para la Maquinaria Agr\u00edcola, Ganader\u00eda y Suministros de la Producci\u00f3n Agr\u00edcola conocida como &#8220;Agro Siria&#8221;. La exposici\u00f3n cuenta con la participaci\u00f3n de 120 compa\u00f1\u00edas \u00e1rabes e internacionales.<\/p>\n","protected":false},"author":24,"featured_media":350372,"comment_status":"closed","ping_status":"closed","sticky":false,"template":"","format":"standard","meta":{"footnotes":""},"categories":[597,16686,483,476,7541],"tags":[],"class_list":["post-350371","post","type-post","status-publish","format-standard","has-post-thumbnail","","category-cinta-de-noticias","category-economia","category-negocios-y-finanzas","category-locales","category-ultimas-noticias"],"_links":{"self":[{"href":"https:\/\/archive.sana.sy\/es\/index.php?rest_route=\/wp\/v2\/posts\/350371"}],"collection":[{"href":"https:\/\/archive.sana.sy\/es\/index.php?rest_route=\/wp\/v2\/posts"}],"about":[{"href":"https:\/\/archive.sana.sy\/es\/index.php?rest_route=\/wp\/v2\/types\/post"}],"author":[{"embeddable":true,"href":"https:\/\/archive.sana.sy\/es\/index.php?rest_route=\/wp\/v2\/users\/24"}],"replies":[{"embeddable":true,"href":"https:\/\/archive.sana.sy\/es\/index.php?rest_route=%2Fwp%2Fv2%2Fcomments&post=350371"}],"version-history":[{"count":5,"href":"https:\/\/archive.sana.sy\/es\/index.php?rest_route=\/wp\/v2\/posts\/350371\/revisions"}],"predecessor-version":[{"id":350377,"href":"https:\/\/archive.sana.sy\/es\/index.php?rest_route=\/wp\/v2\/posts\/350371\/revisions\/350377"}],"wp:featuredmedia":[{"embeddable":true,"href":"https:\/\/archive.sana.sy\/es\/index.php?rest_route=\/wp\/v2\/media\/350372"}],"wp:attachment":[{"href":"https:\/\/archive.sana.sy\/es\/index.php?rest_route=%2Fwp%2Fv2%2Fmedia&parent=350371"}],"wp:term":[{"taxonomy":"category","embeddable":true,"href":"https:\/\/archive.sana.sy\/es\/index.php?rest_route=%2Fwp%2Fv2%2Fcategories&post=350371"},{"taxonomy":"post_tag","embeddable":true,"href":"https:\/\/archive.sana.sy\/es\/index.php?rest_route=%2Fwp%2Fv2%2Ftags&post=350371"}],"curies":[{"name":"wp","href":"https:\/\/api.w.org\/{rel}","templated":true}]}}