{"id":350463,"date":"2025-04-10T20:01:32","date_gmt":"2025-04-10T17:01:32","guid":{"rendered":"https:\/\/sana.sy\/es\/?p=350463"},"modified":"2025-04-10T20:01:32","modified_gmt":"2025-04-10T17:01:32","slug":"ministra-de-asuntos-sociales-aborda-con-el-enviado-frances-el-apoyo-a-los-esfuerzos-de-recuperacion-y-empoderamiento-economico-en-siria","status":"publish","type":"post","link":"https:\/\/archive.sana.sy\/es\/?p=350463","title":{"rendered":"Ministra de Asuntos Sociales aborda con el enviado franc\u00e9s el apoyo a los esfuerzos de recuperaci\u00f3n y empoderamiento econ\u00f3mico en Siria"},"content":{"rendered":"<p style=\"text-align: justify;\"><span style=\"color: #800000;\"><strong>Damasco, 10 abr (SANA)\u00a0<\/strong><\/span> La ministra de Asuntos Sociales y Trabajo, Hind Qabbat, examin\u00f3 hoy con el enviado especial de Francia a Siria, Jean-Fran\u00e7ois Guillaume, \u00e1reas de cooperaci\u00f3n e intercambio de experiencia para apoyar la recuperaci\u00f3n comunitaria y los esfuerzos de empoderamiento econ\u00f3mico en Siria.<\/p>\n<p style=\"text-align: justify;\">Durante la reuni\u00f3n, celebrada en el Ministerio, ambas partes abordaron formas de mejorar el apoyo a la comunidad siria y varios mecanismos para fortalecer el sector laboral y crear nuevas oportunidades que contribuyan a mejorar la situaci\u00f3n econ\u00f3mica y social del pa\u00eds.<\/p>\n","protected":false},"excerpt":{"rendered":"<p>Damasco, 10 abr (SANA)\u00a0 La ministra de Asuntos Sociales y Trabajo, Hind Qabbat, examin\u00f3 hoy con el enviado especial de Francia a Siria, Jean-Fran\u00e7ois Guillaume, \u00e1reas de cooperaci\u00f3n e intercambio de experiencia para apoyar la recuperaci\u00f3n comunitaria y los esfuerzos de empoderamiento econ\u00f3mico en Siria. Durante la reuni\u00f3n, celebrada en el Ministerio, ambas partes abordaron &hellip;<\/p>\n","protected":false},"author":39,"featured_media":350464,"comment_status":"closed","ping_status":"closed","sticky":false,"template":"","format":"standard","meta":{"footnotes":""},"categories":[597,456,20724,467,7541],"tags":[],"class_list":["post-350463","post","type-post","status-publish","format-standard","has-post-thumbnail","","category-cinta-de-noticias","category-arabe-internacional-politica","category-minuto-a-minuto","category-siria-y-el-mundo","category-ultimas-noticias"],"_links":{"self":[{"href":"https:\/\/archive.sana.sy\/es\/index.php?rest_route=\/wp\/v2\/posts\/350463"}],"collection":[{"href":"https:\/\/archive.sana.sy\/es\/index.php?rest_route=\/wp\/v2\/posts"}],"about":[{"href":"https:\/\/archive.sana.sy\/es\/index.php?rest_route=\/wp\/v2\/types\/post"}],"author":[{"embeddable":true,"href":"https:\/\/archive.sana.sy\/es\/index.php?rest_route=\/wp\/v2\/users\/39"}],"replies":[{"embeddable":true,"href":"https:\/\/archive.sana.sy\/es\/index.php?rest_route=%2Fwp%2Fv2%2Fcomments&post=350463"}],"version-history":[{"count":1,"href":"https:\/\/archive.sana.sy\/es\/index.php?rest_route=\/wp\/v2\/posts\/350463\/revisions"}],"predecessor-version":[{"id":350465,"href":"https:\/\/archive.sana.sy\/es\/index.php?rest_route=\/wp\/v2\/posts\/350463\/revisions\/350465"}],"wp:featuredmedia":[{"embeddable":true,"href":"https:\/\/archive.sana.sy\/es\/index.php?rest_route=\/wp\/v2\/media\/350464"}],"wp:attachment":[{"href":"https:\/\/archive.sana.sy\/es\/index.php?rest_route=%2Fwp%2Fv2%2Fmedia&parent=350463"}],"wp:term":[{"taxonomy":"category","embeddable":true,"href":"https:\/\/archive.sana.sy\/es\/index.php?rest_route=%2Fwp%2Fv2%2Fcategories&post=350463"},{"taxonomy":"post_tag","embeddable":true,"href":"https:\/\/archive.sana.sy\/es\/index.php?rest_route=%2Fwp%2Fv2%2Ftags&post=350463"}],"curies":[{"name":"wp","href":"https:\/\/api.w.org\/{rel}","templated":true}]}}