{"id":350478,"date":"2025-04-11T08:53:32","date_gmt":"2025-04-11T05:53:32","guid":{"rendered":"https:\/\/sana.sy\/es\/?p=350478"},"modified":"2025-04-11T08:53:32","modified_gmt":"2025-04-11T05:53:32","slug":"ministra-de-asuntos-sociales-recibe-a-enviado-holandes-para-siria","status":"publish","type":"post","link":"https:\/\/archive.sana.sy\/es\/?p=350478","title":{"rendered":"Ministra de Asuntos Sociales recibe a enviado holand\u00e9s para Siria"},"content":{"rendered":"<div class=\"xdj266r x11i5rnm xat24cr x1mh8g0r x1vvkbs x126k92a\">\n<div dir=\"auto\" style=\"text-align: justify;\"><span style=\"color: #800000;\"><strong>Damasco, 11 abr (SANA)\u00a0<\/strong><\/span> La ministra de Asuntos Sociales y Trabajo, Hind Qabbat, repas\u00f3 hoy con el enviado especial holand\u00e9s a Siria, Gijs Geer Lag, \u00e1reas de cooperaci\u00f3n para brindar apoyo humanitario a los grupos m\u00e1s vulnerables.<\/div>\n<div dir=\"auto\" style=\"text-align: justify;\"><\/div>\n<div dir=\"auto\" style=\"text-align: justify;\">Durante la reuni\u00f3n, celebrada en la sede del Ministerio en Damasco, las dos partes examinaron el papel de los Pa\u00edses Bajos en el apoyo al proceso de recuperaci\u00f3n en Siria y la creaci\u00f3n de oportunidades de empleo, lo que contribuye a mejorar la estabilidad social y empoderar a los grupos vulnerables.<\/div>\n<\/div>\n","protected":false},"excerpt":{"rendered":"<p>Damasco, 11 abr (SANA)\u00a0 La ministra de Asuntos Sociales y Trabajo, Hind Qabbat, repas\u00f3 hoy con el enviado especial holand\u00e9s a Siria, Gijs Geer Lag, \u00e1reas de cooperaci\u00f3n para brindar apoyo humanitario a los grupos m\u00e1s vulnerables. Durante la reuni\u00f3n, celebrada en la sede del Ministerio en Damasco, las dos partes examinaron el papel de &hellip;<\/p>\n","protected":false},"author":39,"featured_media":350479,"comment_status":"closed","ping_status":"closed","sticky":false,"template":"","format":"standard","meta":{"footnotes":""},"categories":[597,456,20724,467,7541],"tags":[],"class_list":["post-350478","post","type-post","status-publish","format-standard","has-post-thumbnail","","category-cinta-de-noticias","category-arabe-internacional-politica","category-minuto-a-minuto","category-siria-y-el-mundo","category-ultimas-noticias"],"_links":{"self":[{"href":"https:\/\/archive.sana.sy\/es\/index.php?rest_route=\/wp\/v2\/posts\/350478"}],"collection":[{"href":"https:\/\/archive.sana.sy\/es\/index.php?rest_route=\/wp\/v2\/posts"}],"about":[{"href":"https:\/\/archive.sana.sy\/es\/index.php?rest_route=\/wp\/v2\/types\/post"}],"author":[{"embeddable":true,"href":"https:\/\/archive.sana.sy\/es\/index.php?rest_route=\/wp\/v2\/users\/39"}],"replies":[{"embeddable":true,"href":"https:\/\/archive.sana.sy\/es\/index.php?rest_route=%2Fwp%2Fv2%2Fcomments&post=350478"}],"version-history":[{"count":1,"href":"https:\/\/archive.sana.sy\/es\/index.php?rest_route=\/wp\/v2\/posts\/350478\/revisions"}],"predecessor-version":[{"id":350480,"href":"https:\/\/archive.sana.sy\/es\/index.php?rest_route=\/wp\/v2\/posts\/350478\/revisions\/350480"}],"wp:featuredmedia":[{"embeddable":true,"href":"https:\/\/archive.sana.sy\/es\/index.php?rest_route=\/wp\/v2\/media\/350479"}],"wp:attachment":[{"href":"https:\/\/archive.sana.sy\/es\/index.php?rest_route=%2Fwp%2Fv2%2Fmedia&parent=350478"}],"wp:term":[{"taxonomy":"category","embeddable":true,"href":"https:\/\/archive.sana.sy\/es\/index.php?rest_route=%2Fwp%2Fv2%2Fcategories&post=350478"},{"taxonomy":"post_tag","embeddable":true,"href":"https:\/\/archive.sana.sy\/es\/index.php?rest_route=%2Fwp%2Fv2%2Ftags&post=350478"}],"curies":[{"name":"wp","href":"https:\/\/api.w.org\/{rel}","templated":true}]}}