{"id":350506,"date":"2025-04-11T11:41:30","date_gmt":"2025-04-11T08:41:30","guid":{"rendered":"https:\/\/sana.sy\/es\/?p=350506"},"modified":"2025-04-11T11:42:12","modified_gmt":"2025-04-11T08:42:12","slug":"turquia-los-ataques-israelies-contra-siria-son-una-flagrante-violacion-de-su-soberania-y-una-amenaza-a-la-estabilidad-regional","status":"publish","type":"post","link":"https:\/\/archive.sana.sy\/es\/?p=350506","title":{"rendered":"Turqu\u00eda: Los ataques israel\u00edes contra Siria son una flagrante violaci\u00f3n de su soberan\u00eda y una amenaza a la estabilidad regional"},"content":{"rendered":"<p style=\"text-align: justify;\"><span style=\"color: #800000;\"><strong>Nueva York, 11 abr (SANA)\u00a0<\/strong> <\/span>La representante permanente adjunta de Turqu\u00eda ante las Naciones Unidas, Asli G\u00fcven, destac\u00f3 que los actuales ataques israel\u00edes contra territorios sirios constituyen una violaci\u00f3n de su soberan\u00eda y amenazan la estabilidad regional.<\/p>\n<p style=\"text-align: justify;\">&#8220;Israel sigue atacando Siria, violando su soberan\u00eda y amenazando la estabilidad de toda la regi\u00f3n. Adem\u00e1s, ha debilitado directamente los esfuerzos sirios para combatir a la organizaci\u00f3n terrorista \u201cDaesh\u201d y los esfuerzos conjuntos para combatir el terrorismo&#8221;, declar\u00f3 G\u00fcven en su discurso durante una sesi\u00f3n del Consejo de Seguridad de la ONU sobre los ataques israel\u00edes a Siria, inform\u00f3 la agencia de noticias turca Anadolu.<\/p>\n<p style=\"text-align: justify;\">La diplom\u00e1tica turca explic\u00f3 que las medidas adoptadas por las autoridades sirias demuestran su voluntad de implementar un proceso de transici\u00f3n pol\u00edtica pose\u00eddo y liderado por los propios sirios, en l\u00ednea con las expectativas de su pueblo.<\/p>\n<p style=\"text-align: justify;\">Asimismo, pidi\u00f3 la plena protecci\u00f3n de la soberan\u00eda, la integridad territorial y la unidad de Siria, y destac\u00f3 la disposici\u00f3n de Ankara a cooperar con Damasco en esta misi\u00f3n vital.<\/p>\n<p style=\"text-align: justify;\">Tambi\u00e9n, subray\u00f3 que la comunidad internacional tiene la responsabilidad compartida de ayudar al pueblo sirio a recuperarse con dignidad y que ahora es el momento de mostrar verdadera solidaridad con ellos.<\/p>\n","protected":false},"excerpt":{"rendered":"<p>Nueva York, 11 abr (SANA)\u00a0 La representante permanente adjunta de Turqu\u00eda ante las Naciones Unidas, Asli G\u00fcven, destac\u00f3 que los actuales ataques israel\u00edes contra territorios sirios constituyen una violaci\u00f3n de su soberan\u00eda y amenazan la estabilidad regional. &#8220;Israel sigue atacando Siria, violando su soberan\u00eda y amenazando la estabilidad de toda la regi\u00f3n. Adem\u00e1s, ha debilitado &hellip;<\/p>\n","protected":false},"author":39,"featured_media":350507,"comment_status":"closed","ping_status":"closed","sticky":false,"template":"","format":"standard","meta":{"footnotes":""},"categories":[597,456,20724,467,7541],"tags":[],"class_list":["post-350506","post","type-post","status-publish","format-standard","has-post-thumbnail","","category-cinta-de-noticias","category-arabe-internacional-politica","category-minuto-a-minuto","category-siria-y-el-mundo","category-ultimas-noticias"],"_links":{"self":[{"href":"https:\/\/archive.sana.sy\/es\/index.php?rest_route=\/wp\/v2\/posts\/350506"}],"collection":[{"href":"https:\/\/archive.sana.sy\/es\/index.php?rest_route=\/wp\/v2\/posts"}],"about":[{"href":"https:\/\/archive.sana.sy\/es\/index.php?rest_route=\/wp\/v2\/types\/post"}],"author":[{"embeddable":true,"href":"https:\/\/archive.sana.sy\/es\/index.php?rest_route=\/wp\/v2\/users\/39"}],"replies":[{"embeddable":true,"href":"https:\/\/archive.sana.sy\/es\/index.php?rest_route=%2Fwp%2Fv2%2Fcomments&post=350506"}],"version-history":[{"count":3,"href":"https:\/\/archive.sana.sy\/es\/index.php?rest_route=\/wp\/v2\/posts\/350506\/revisions"}],"predecessor-version":[{"id":350510,"href":"https:\/\/archive.sana.sy\/es\/index.php?rest_route=\/wp\/v2\/posts\/350506\/revisions\/350510"}],"wp:featuredmedia":[{"embeddable":true,"href":"https:\/\/archive.sana.sy\/es\/index.php?rest_route=\/wp\/v2\/media\/350507"}],"wp:attachment":[{"href":"https:\/\/archive.sana.sy\/es\/index.php?rest_route=%2Fwp%2Fv2%2Fmedia&parent=350506"}],"wp:term":[{"taxonomy":"category","embeddable":true,"href":"https:\/\/archive.sana.sy\/es\/index.php?rest_route=%2Fwp%2Fv2%2Fcategories&post=350506"},{"taxonomy":"post_tag","embeddable":true,"href":"https:\/\/archive.sana.sy\/es\/index.php?rest_route=%2Fwp%2Fv2%2Ftags&post=350506"}],"curies":[{"name":"wp","href":"https:\/\/api.w.org\/{rel}","templated":true}]}}