{"id":350511,"date":"2025-04-11T07:51:48","date_gmt":"2025-04-11T04:51:48","guid":{"rendered":"https:\/\/sana.sy\/es\/?p=350511"},"modified":"2025-04-11T12:05:28","modified_gmt":"2025-04-11T09:05:28","slug":"ministro-de-educacion-visita-la-provincia-de-idlib-y-destaca-necesidad-de-rehabilitar-las-escuelas-destruidas","status":"publish","type":"post","link":"https:\/\/archive.sana.sy\/es\/?p=350511","title":{"rendered":"Ministro de Educaci\u00f3n visita la provincia de Idlib y destaca necesidad de rehabilitar las escuelas destruidas y el retorno de los estudiantes"},"content":{"rendered":"<p style=\"text-align: justify;\"><strong><span style=\"font-weight: normal;\"><strong><span style=\"color: #800000;\">Idlib, 11 abr (SANA)<\/span><\/strong>\u00a0 En su primera visita a la provincia de Idlib, el ministro de Educaci\u00f3n, Mohammed Abdul Rahman Turko, revis\u00f3 hoy el estado de varias escuelas destruidas en la zona rural del sur de la provincia de Idlib, para comenzar a implementar un plan de reconstrucci\u00f3n en estos centros para facilitar el retorno de los estudiantes y sus familias a sus a las \u00e1reas de las que fueron desplazados.<\/span><\/strong><b><\/b><\/p>\n<p style=\"text-align: justify;\"><img loading=\"lazy\" decoding=\"async\" class=\"size-medium wp-image-350513 alignright\" src=\"http:\/\/sana.sy\/es\/wp-content\/uploads\/2025\/04\/photo_2025-04-10_22-05-01-4-Copy-300x196.jpg\" alt=\"\" width=\"300\" height=\"196\" srcset=\"https:\/\/archive.sana.sy\/es\/wp-content\/uploads\/2025\/04\/photo_2025-04-10_22-05-01-4-Copy-300x196.jpg 300w, https:\/\/archive.sana.sy\/es\/wp-content\/uploads\/2025\/04\/photo_2025-04-10_22-05-01-4-Copy-150x98.jpg 150w, https:\/\/archive.sana.sy\/es\/wp-content\/uploads\/2025\/04\/photo_2025-04-10_22-05-01-4-Copy.jpg 660w\" sizes=\"(max-width: 300px) 100vw, 300px\" \/><\/p>\n<p style=\"text-align: justify;\"><strong><span style=\"font-weight: normal;\">Asimismo, el ministro Turko, acompa\u00f1ado por el gobernador de Idlib, Mohammed Abdul Rahman, y una delegaci\u00f3n del Fondo de las Naciones Unidas para la Infancia (UNICEF), visit\u00f3 varias escuelas en los campamentos en la zona rural del norte de Idlib, que acogen a estudiantes de escuelas destruidas en el campo sur de la referida provincia. <\/span><\/strong><b><\/b><\/p>\n<p style=\"text-align: justify;\"><strong><span style=\"font-weight: normal;\">Durante la visita, el titular destac\u00f3 que el regreso de los estudiantes a sus pueblos es la principal prioridad del Ministerio.<\/span><\/strong><b><\/b><\/p>\n<p style=\"text-align: justify;\"><strong><span style=\"font-weight: normal;\">Asegur\u00f3 que el Ministerio est\u00e1 trabajando para que los alumnos retornen a las escuelas de sus pueblos despu\u00e9s de su rehabilitaci\u00f3n lo antes posible, e indic\u00f3 tambi\u00e9n que el regreso de las familias est\u00e1 vinculado a la preparaci\u00f3n de esas escuelas.<\/span><\/strong><b><\/b><\/p>\n<p style=\"text-align: justify;\"><strong><span style=\"font-weight: normal;\">Adem\u00e1s, enfatiz\u00f3 el derecho de cada estudiante a recibir el mejor nivel de educaci\u00f3n, lo cual es un objetivo primordial del Ministerio en esta etapa.<\/span><\/strong><b><\/b><\/p>\n<div id='gallery-1' class='gallery galleryid-350511 gallery-columns-1 gallery-size-full'><figure class='gallery-item'>\n\t\t\t<div class='gallery-icon landscape'>\n\t\t\t\t<a href='https:\/\/archive.sana.sy\/es\/?attachment_id=350514'><img loading=\"lazy\" decoding=\"async\" width=\"660\" height=\"442\" src=\"https:\/\/archive.sana.sy\/es\/wp-content\/uploads\/2025\/04\/photo_2025-04-10_22-05-01-2-Copy.jpg\" class=\"attachment-full size-full\" alt=\"\" srcset=\"https:\/\/archive.sana.sy\/es\/wp-content\/uploads\/2025\/04\/photo_2025-04-10_22-05-01-2-Copy.jpg 660w, https:\/\/archive.sana.sy\/es\/wp-content\/uploads\/2025\/04\/photo_2025-04-10_22-05-01-2-Copy-300x201.jpg 300w, https:\/\/archive.sana.sy\/es\/wp-content\/uploads\/2025\/04\/photo_2025-04-10_22-05-01-2-Copy-150x100.jpg 150w, https:\/\/archive.sana.sy\/es\/wp-content\/uploads\/2025\/04\/photo_2025-04-10_22-05-01-2-Copy-110x75.jpg 110w\" sizes=\"(max-width: 660px) 100vw, 660px\" \/><\/a>\n\t\t\t<\/div><\/figure><figure class='gallery-item'>\n\t\t\t<div class='gallery-icon landscape'>\n\t\t\t\t<a href='https:\/\/archive.sana.sy\/es\/?attachment_id=350515'><img loading=\"lazy\" decoding=\"async\" width=\"660\" height=\"440\" src=\"https:\/\/archive.sana.sy\/es\/wp-content\/uploads\/2025\/04\/photo_2025-04-10_22-05-02-Copy.jpg\" class=\"attachment-full size-full\" alt=\"\" srcset=\"https:\/\/archive.sana.sy\/es\/wp-content\/uploads\/2025\/04\/photo_2025-04-10_22-05-02-Copy.jpg 660w, https:\/\/archive.sana.sy\/es\/wp-content\/uploads\/2025\/04\/photo_2025-04-10_22-05-02-Copy-300x200.jpg 300w, https:\/\/archive.sana.sy\/es\/wp-content\/uploads\/2025\/04\/photo_2025-04-10_22-05-02-Copy-150x100.jpg 150w\" sizes=\"(max-width: 660px) 100vw, 660px\" \/><\/a>\n\t\t\t<\/div><\/figure><figure class='gallery-item'>\n\t\t\t<div class='gallery-icon landscape'>\n\t\t\t\t<a href='https:\/\/archive.sana.sy\/es\/?attachment_id=350516'><img loading=\"lazy\" decoding=\"async\" width=\"660\" height=\"440\" src=\"https:\/\/archive.sana.sy\/es\/wp-content\/uploads\/2025\/04\/photo_2025-04-10_22-05-01-Copy.jpg\" class=\"attachment-full size-full\" alt=\"\" srcset=\"https:\/\/archive.sana.sy\/es\/wp-content\/uploads\/2025\/04\/photo_2025-04-10_22-05-01-Copy.jpg 660w, https:\/\/archive.sana.sy\/es\/wp-content\/uploads\/2025\/04\/photo_2025-04-10_22-05-01-Copy-300x200.jpg 300w, https:\/\/archive.sana.sy\/es\/wp-content\/uploads\/2025\/04\/photo_2025-04-10_22-05-01-Copy-150x100.jpg 150w\" sizes=\"(max-width: 660px) 100vw, 660px\" \/><\/a>\n\t\t\t<\/div><\/figure>\n\t\t<\/div>\n\n","protected":false},"excerpt":{"rendered":"<p>Idlib, 11 abr (SANA)\u00a0 En su primera visita a la provincia de Idlib, el ministro de Educaci\u00f3n, Mohammed Abdul Rahman Turko, revis\u00f3 hoy el estado de varias escuelas destruidas en la zona rural del sur de la provincia de Idlib, para comenzar a implementar un plan de reconstrucci\u00f3n en estos centros para facilitar el retorno &hellip;<\/p>\n","protected":false},"author":39,"featured_media":350512,"comment_status":"closed","ping_status":"closed","sticky":false,"template":"","format":"standard","meta":{"footnotes":""},"categories":[477,597,20724,476,7541],"tags":[],"class_list":["post-350511","post","type-post","status-publish","format-standard","has-post-thumbnail","","category-noticias-edulcorantes","category-cinta-de-noticias","category-minuto-a-minuto","category-locales","category-ultimas-noticias"],"_links":{"self":[{"href":"https:\/\/archive.sana.sy\/es\/index.php?rest_route=\/wp\/v2\/posts\/350511"}],"collection":[{"href":"https:\/\/archive.sana.sy\/es\/index.php?rest_route=\/wp\/v2\/posts"}],"about":[{"href":"https:\/\/archive.sana.sy\/es\/index.php?rest_route=\/wp\/v2\/types\/post"}],"author":[{"embeddable":true,"href":"https:\/\/archive.sana.sy\/es\/index.php?rest_route=\/wp\/v2\/users\/39"}],"replies":[{"embeddable":true,"href":"https:\/\/archive.sana.sy\/es\/index.php?rest_route=%2Fwp%2Fv2%2Fcomments&post=350511"}],"version-history":[{"count":3,"href":"https:\/\/archive.sana.sy\/es\/index.php?rest_route=\/wp\/v2\/posts\/350511\/revisions"}],"predecessor-version":[{"id":350519,"href":"https:\/\/archive.sana.sy\/es\/index.php?rest_route=\/wp\/v2\/posts\/350511\/revisions\/350519"}],"wp:featuredmedia":[{"embeddable":true,"href":"https:\/\/archive.sana.sy\/es\/index.php?rest_route=\/wp\/v2\/media\/350512"}],"wp:attachment":[{"href":"https:\/\/archive.sana.sy\/es\/index.php?rest_route=%2Fwp%2Fv2%2Fmedia&parent=350511"}],"wp:term":[{"taxonomy":"category","embeddable":true,"href":"https:\/\/archive.sana.sy\/es\/index.php?rest_route=%2Fwp%2Fv2%2Fcategories&post=350511"},{"taxonomy":"post_tag","embeddable":true,"href":"https:\/\/archive.sana.sy\/es\/index.php?rest_route=%2Fwp%2Fv2%2Ftags&post=350511"}],"curies":[{"name":"wp","href":"https:\/\/api.w.org\/{rel}","templated":true}]}}