{"id":350520,"date":"2025-04-11T12:39:08","date_gmt":"2025-04-11T09:39:08","guid":{"rendered":"https:\/\/sana.sy\/es\/?p=350520"},"modified":"2025-04-11T12:41:48","modified_gmt":"2025-04-11T09:41:48","slug":"liga-arabe-realiza-contactos-intensivos-con-ee-uu-para-detener-ataques-israelies-en-siria","status":"publish","type":"post","link":"https:\/\/archive.sana.sy\/es\/?p=350520","title":{"rendered":"Liga \u00c1rabe realiza intensos contactos con EE.UU para detener ataques israel\u00edes en Siria"},"content":{"rendered":"<p style=\"text-align: justify;\"><span style=\"color: #800000;\"><strong>Nueva York, 11 abr (SANA)\u00a0<\/strong> <\/span>El representante de la Liga \u00c1rabe ante las Naciones Unidas, el embajador Maged Abdel Fattah, llam\u00f3 a la comunidad internacional a presionar al ocupante israel\u00ed para que se retire completamente del territorio sirio y detenga sus ataques militares en territorio sirio.<\/p>\n<p style=\"text-align: justify;\">En una llamada telef\u00f3nica con el canal Cairo News anoche, Abdel Fattah revel\u00f3 que el Secretario General de la Liga \u00c1rabe, Ahmed Aboul Gheit, est\u00e1 manteniendo contactos intensivos con la administraci\u00f3n del presidente estadounidense Donald Trump con el fin de trabajar para detener estos ataques israel\u00edes.<\/p>\n<p style=\"text-align: justify;\">&#8220;La Liga \u00c1rabe est\u00e1 considerando presentar un proyecto de resoluci\u00f3n al Consejo de Seguridad si \u201cIsrael\u201d no cumple con el derecho internacional y detiene su continuas agresiones contra la soberan\u00eda siria&#8221;, detall\u00f3 el delegado.<\/p>\n<p style=\"text-align: justify;\">El Consejo de Seguridad de la ONU celebr\u00f3 ayer una sesi\u00f3n informativa abierta sobre la situaci\u00f3n en Siria, a petici\u00f3n de Argelia y Somalia, para debatir las repercusiones de los ataques israel\u00edes en territorios sirios.<\/p>\n<p style=\"text-align: justify;\">El Grupo \u00c1rabe y tres Estados miembros africanos condenaron las repetidas agresiones israel\u00edes y pidieron su cesaci\u00f3n y exigieron que Israel respete el derecho internacional. Tambi\u00e9n instaron al Consejo de Seguridad a que trabaje para levantar las sanciones contra Siria y avanzar con el proceso pol\u00edtico.<\/p>\n","protected":false},"excerpt":{"rendered":"<p>Nueva York, 11 abr (SANA)\u00a0 El representante de la Liga \u00c1rabe ante las Naciones Unidas, el embajador Maged Abdel Fattah, llam\u00f3 a la comunidad internacional a presionar al ocupante israel\u00ed para que se retire completamente del territorio sirio y detenga sus ataques militares en territorio sirio. En una llamada telef\u00f3nica con el canal Cairo News &hellip;<\/p>\n","protected":false},"author":39,"featured_media":350521,"comment_status":"closed","ping_status":"closed","sticky":false,"template":"","format":"standard","meta":{"footnotes":""},"categories":[597,456,20724,467,7541],"tags":[],"class_list":["post-350520","post","type-post","status-publish","format-standard","has-post-thumbnail","","category-cinta-de-noticias","category-arabe-internacional-politica","category-minuto-a-minuto","category-siria-y-el-mundo","category-ultimas-noticias"],"_links":{"self":[{"href":"https:\/\/archive.sana.sy\/es\/index.php?rest_route=\/wp\/v2\/posts\/350520"}],"collection":[{"href":"https:\/\/archive.sana.sy\/es\/index.php?rest_route=\/wp\/v2\/posts"}],"about":[{"href":"https:\/\/archive.sana.sy\/es\/index.php?rest_route=\/wp\/v2\/types\/post"}],"author":[{"embeddable":true,"href":"https:\/\/archive.sana.sy\/es\/index.php?rest_route=\/wp\/v2\/users\/39"}],"replies":[{"embeddable":true,"href":"https:\/\/archive.sana.sy\/es\/index.php?rest_route=%2Fwp%2Fv2%2Fcomments&post=350520"}],"version-history":[{"count":3,"href":"https:\/\/archive.sana.sy\/es\/index.php?rest_route=\/wp\/v2\/posts\/350520\/revisions"}],"predecessor-version":[{"id":350524,"href":"https:\/\/archive.sana.sy\/es\/index.php?rest_route=\/wp\/v2\/posts\/350520\/revisions\/350524"}],"wp:featuredmedia":[{"embeddable":true,"href":"https:\/\/archive.sana.sy\/es\/index.php?rest_route=\/wp\/v2\/media\/350521"}],"wp:attachment":[{"href":"https:\/\/archive.sana.sy\/es\/index.php?rest_route=%2Fwp%2Fv2%2Fmedia&parent=350520"}],"wp:term":[{"taxonomy":"category","embeddable":true,"href":"https:\/\/archive.sana.sy\/es\/index.php?rest_route=%2Fwp%2Fv2%2Fcategories&post=350520"},{"taxonomy":"post_tag","embeddable":true,"href":"https:\/\/archive.sana.sy\/es\/index.php?rest_route=%2Fwp%2Fv2%2Ftags&post=350520"}],"curies":[{"name":"wp","href":"https:\/\/api.w.org\/{rel}","templated":true}]}}