{"id":350558,"date":"2025-04-11T17:54:48","date_gmt":"2025-04-11T14:54:48","guid":{"rendered":"https:\/\/sana.sy\/es\/?p=350558"},"modified":"2025-04-11T17:54:48","modified_gmt":"2025-04-11T14:54:48","slug":"erdogan-israel-trabaja-para-desestabilizar-a-siria-y-turkiye-no-lo-permitira","status":"publish","type":"post","link":"https:\/\/archive.sana.sy\/es\/?p=350558","title":{"rendered":"Erdogan: Israel trabaja para desestabilizar a Siria, y Turkiye no lo permitir\u00e1"},"content":{"rendered":"<p style=\"text-align: justify;\"><span style=\"color: #800000;\"><strong>Ankara, 11 abr (SANA)\u00a0\u00a0<\/strong> <\/span>El presidente turco, Recep Tayyip Erdo\u011fan, afirm\u00f3 hoy que Israel contin\u00faa su agresi\u00f3n contra Palestina, Siria y L\u00edbano, y atenta contra la estabilidad de la regi\u00f3n, adem\u00e1s de buscar sembrar la discordia en Siria y provocar a las minor\u00edas contra la nueva administraci\u00f3n.<\/p>\n<p style=\"text-align: justify;\">La posici\u00f3n de Turqu\u00eda sobre este asunto es clara y no permitir\u00e1 que nadie desestabilice a Siria, declar\u00f3 Erdogan en un discurso pronunciado en la inauguraci\u00f3n del Foro de Diplomacia de Antalya 2025, celebrado bajo el lema \u201cAdherirse a la diplomacia en un mundo dividido\u201d.<\/p>\n<p style=\"text-align: justify;\">Explic\u00f3 que Siria ha sufrido inestabilidad durante 15 a\u00f1os, y Turkiye es uno de los pa\u00edses m\u00e1s afectados por esta situaci\u00f3n.<\/p>\n<p style=\"text-align: justify;\">\u201cNo permitiremos que nadie desperdicie esta oportunidad y no haremos la vista gorda ante quienes intenten sembrar discordia y divisi\u00f3n. Compartimos una larga frontera con Siria y respetamos la soberan\u00eda y la integridad territorial de esta naci\u00f3n vecina\u201d, dijo el mandatario.<\/p>\n<p style=\"text-align: justify;\">Erdogan se\u00f1al\u00f3 que el pueblo sirio est\u00e1 completamente agotado por la guerra y el sufrimiento y, por lo tanto, nadie tiene derecho a provocar que esto vuelva a sucederle a los sirios. Turqu\u00eda no permitir\u00e1 que esto vuelva a suceder y seguir\u00e1 resolviendo los problemas diplom\u00e1ticamente.<\/p>\n<p style=\"text-align: justify;\">\n","protected":false},"excerpt":{"rendered":"<p>Ankara, 11 abr (SANA)\u00a0\u00a0 El presidente turco, Recep Tayyip Erdo\u011fan, afirm\u00f3 hoy que Israel contin\u00faa su agresi\u00f3n contra Palestina, Siria y L\u00edbano, y atenta contra la estabilidad de la regi\u00f3n, adem\u00e1s de buscar sembrar la discordia en Siria y provocar a las minor\u00edas contra la nueva administraci\u00f3n. La posici\u00f3n de Turqu\u00eda sobre este asunto es &hellip;<\/p>\n","protected":false},"author":34,"featured_media":350559,"comment_status":"closed","ping_status":"closed","sticky":false,"template":"","format":"standard","meta":{"footnotes":""},"categories":[597,20724,467,7541],"tags":[],"class_list":["post-350558","post","type-post","status-publish","format-standard","has-post-thumbnail","","category-cinta-de-noticias","category-minuto-a-minuto","category-siria-y-el-mundo","category-ultimas-noticias"],"_links":{"self":[{"href":"https:\/\/archive.sana.sy\/es\/index.php?rest_route=\/wp\/v2\/posts\/350558"}],"collection":[{"href":"https:\/\/archive.sana.sy\/es\/index.php?rest_route=\/wp\/v2\/posts"}],"about":[{"href":"https:\/\/archive.sana.sy\/es\/index.php?rest_route=\/wp\/v2\/types\/post"}],"author":[{"embeddable":true,"href":"https:\/\/archive.sana.sy\/es\/index.php?rest_route=\/wp\/v2\/users\/34"}],"replies":[{"embeddable":true,"href":"https:\/\/archive.sana.sy\/es\/index.php?rest_route=%2Fwp%2Fv2%2Fcomments&post=350558"}],"version-history":[{"count":1,"href":"https:\/\/archive.sana.sy\/es\/index.php?rest_route=\/wp\/v2\/posts\/350558\/revisions"}],"predecessor-version":[{"id":350560,"href":"https:\/\/archive.sana.sy\/es\/index.php?rest_route=\/wp\/v2\/posts\/350558\/revisions\/350560"}],"wp:featuredmedia":[{"embeddable":true,"href":"https:\/\/archive.sana.sy\/es\/index.php?rest_route=\/wp\/v2\/media\/350559"}],"wp:attachment":[{"href":"https:\/\/archive.sana.sy\/es\/index.php?rest_route=%2Fwp%2Fv2%2Fmedia&parent=350558"}],"wp:term":[{"taxonomy":"category","embeddable":true,"href":"https:\/\/archive.sana.sy\/es\/index.php?rest_route=%2Fwp%2Fv2%2Fcategories&post=350558"},{"taxonomy":"post_tag","embeddable":true,"href":"https:\/\/archive.sana.sy\/es\/index.php?rest_route=%2Fwp%2Fv2%2Ftags&post=350558"}],"curies":[{"name":"wp","href":"https:\/\/api.w.org\/{rel}","templated":true}]}}