{"id":350589,"date":"2025-04-12T13:03:02","date_gmt":"2025-04-12T10:03:02","guid":{"rendered":"https:\/\/sana.sy\/es\/?p=350589"},"modified":"2025-04-12T13:03:02","modified_gmt":"2025-04-12T10:03:02","slug":"presidenta-de-kosovo-compartimos-con-siria-el-dolor-de-la-guerra-y-los-desafios-de-la-reconstruccion","status":"publish","type":"post","link":"https:\/\/archive.sana.sy\/es\/?p=350589","title":{"rendered":"Presidenta de Kosovo: Compartimos con Siria el dolor de la guerra y los desaf\u00edos de la reconstrucci\u00f3n"},"content":{"rendered":"<blockquote>\n<p style=\"text-align: justify;\">\n<p style=\"text-align: justify;\"><span style=\"color: #000080;\">\u00abLos pueblos de Kosovo y Siria han sufrido enormemente en su lucha por la libertad y han enfrentado los cr\u00edmenes de reg\u00edmenes dictatoriales. Hoy mantuvimos nuestra primera reuni\u00f3n con el presidente de la Siria Libre, Ahmed Al-Shara, para abrir nuevas perspectivas de cooperaci\u00f3n entre nuestros pa\u00edses\u00bb, escribi\u00f3 la mandataria en su p\u00e1gina de Facebook.<\/span><\/p>\n<\/blockquote>\n<p style=\"text-align: justify;\"><span style=\"color: #800000;\"><strong>Pristina, 12 abr (SANA)\u00a0\u00a0<\/strong> <\/span>La presidenta de Kosovo, Vu\u0161a Osmani, manifest\u00f3 la disposici\u00f3n de su pa\u00eds de abrir nuevas perspectivas de cooperaci\u00f3n con Siria, y consider\u00f3 que los dos pa\u00edses comparten las mismas heridas y el dolor de la guerra y la reconstrucci\u00f3n.<\/p>\n<p style=\"text-align: justify;\">\u00abLos pueblos de Kosovo y Siria han sufrido enormemente en su lucha por la libertad y han enfrentado los cr\u00edmenes de reg\u00edmenes dictatoriales. Hoy mantuvimos nuestra primera reuni\u00f3n con el presidente de la Siria Libre, Ahmed Al-Shara, para abrir nuevas perspectivas de cooperaci\u00f3n entre nuestros pa\u00edses\u00bb, escribi\u00f3 la mandataria en su p\u00e1gina de Facebook.<\/p>\n<p style=\"text-align: justify;\">A\u00f1adi\u00f3 que \u201cKosovo y Siria comparten las mismas heridas del dolor de la guerra, el desplazamiento y los desaf\u00edos de la reconstrucci\u00f3n\u201d.<\/p>\n<p style=\"text-align: justify;\">\u201cEstamos dispuestos a compartir nuestra experiencia en la construcci\u00f3n de instituciones democr\u00e1ticas\u201d, afirm\u00f3 Osmani.<\/p>\n","protected":false},"excerpt":{"rendered":"<p>\u00abLos pueblos de Kosovo y Siria han sufrido enormemente en su lucha por la libertad y han enfrentado los cr\u00edmenes de reg\u00edmenes dictatoriales. Hoy mantuvimos nuestra primera reuni\u00f3n con el presidente de la Siria Libre, Ahmed Al-Shara, para abrir nuevas perspectivas de cooperaci\u00f3n entre nuestros pa\u00edses\u00bb, escribi\u00f3 la mandataria en su p\u00e1gina de Facebook. Pristina, &hellip;<\/p>\n","protected":false},"author":34,"featured_media":350590,"comment_status":"closed","ping_status":"closed","sticky":false,"template":"","format":"standard","meta":{"footnotes":""},"categories":[477,447,597,20724,467,7541],"tags":[],"class_list":["post-350589","post","type-post","status-publish","format-standard","has-post-thumbnail","","category-noticias-edulcorantes","category-local-politica","category-cinta-de-noticias","category-minuto-a-minuto","category-siria-y-el-mundo","category-ultimas-noticias"],"_links":{"self":[{"href":"https:\/\/archive.sana.sy\/es\/index.php?rest_route=\/wp\/v2\/posts\/350589"}],"collection":[{"href":"https:\/\/archive.sana.sy\/es\/index.php?rest_route=\/wp\/v2\/posts"}],"about":[{"href":"https:\/\/archive.sana.sy\/es\/index.php?rest_route=\/wp\/v2\/types\/post"}],"author":[{"embeddable":true,"href":"https:\/\/archive.sana.sy\/es\/index.php?rest_route=\/wp\/v2\/users\/34"}],"replies":[{"embeddable":true,"href":"https:\/\/archive.sana.sy\/es\/index.php?rest_route=%2Fwp%2Fv2%2Fcomments&post=350589"}],"version-history":[{"count":1,"href":"https:\/\/archive.sana.sy\/es\/index.php?rest_route=\/wp\/v2\/posts\/350589\/revisions"}],"predecessor-version":[{"id":350591,"href":"https:\/\/archive.sana.sy\/es\/index.php?rest_route=\/wp\/v2\/posts\/350589\/revisions\/350591"}],"wp:featuredmedia":[{"embeddable":true,"href":"https:\/\/archive.sana.sy\/es\/index.php?rest_route=\/wp\/v2\/media\/350590"}],"wp:attachment":[{"href":"https:\/\/archive.sana.sy\/es\/index.php?rest_route=%2Fwp%2Fv2%2Fmedia&parent=350589"}],"wp:term":[{"taxonomy":"category","embeddable":true,"href":"https:\/\/archive.sana.sy\/es\/index.php?rest_route=%2Fwp%2Fv2%2Fcategories&post=350589"},{"taxonomy":"post_tag","embeddable":true,"href":"https:\/\/archive.sana.sy\/es\/index.php?rest_route=%2Fwp%2Fv2%2Ftags&post=350589"}],"curies":[{"name":"wp","href":"https:\/\/api.w.org\/{rel}","templated":true}]}}