{"id":350592,"date":"2025-04-12T13:14:27","date_gmt":"2025-04-12T10:14:27","guid":{"rendered":"https:\/\/sana.sy\/es\/?p=350592"},"modified":"2025-04-12T13:15:02","modified_gmt":"2025-04-12T10:15:02","slug":"erdogan-turkiye-continuara-su-empeno-por-levantar-las-sanciones-internacionales-impuestas-a-siria","status":"publish","type":"post","link":"https:\/\/archive.sana.sy\/es\/?p=350592","title":{"rendered":"Erdogan: T\u00fcrkiye continuar\u00e1 su empe\u00f1o por levantar las sanciones internacionales impuestas a Siria"},"content":{"rendered":"<p style=\"text-align: justify;\"><span style=\"color: #800000;\"><strong>Ankara, 12 abr (SANA)<\/strong> <\/span>El presidente turco, Recep Tayyip Erdogan, afirm\u00f3 la determinaci\u00f3n de su pa\u00eds de continuar sus esfuerzos a trav\u00e9s de canales diplom\u00e1ticos por levantar las sanciones internacionales impuestas a Siria.<\/p>\n<p style=\"text-align: justify;\">&#8220;Expresamos nuestra gratitud por frustrar los intentos de promover el caos en Siria, y esperamos que en los pr\u00f3ximos a\u00f1os haya m\u00e1s estabilidad y prosperidad&#8221;, dijo Erdogan, citado por la agencia de noticias turca TR, en declaraciones al margen del Foro Diplom\u00e1tico de Antalya.<\/p>\n<p style=\"text-align: justify;\">Erdogan tambi\u00e9n destac\u00f3 la importancia de fortalecer la cooperaci\u00f3n econ\u00f3mica y comercial con Siria, y la posibilidad de ampliarla a otras \u00e1reas.<\/p>\n<p style=\"text-align: justify;\">\n","protected":false},"excerpt":{"rendered":"<p>Ankara, 12 abr (SANA) El presidente turco, Recep Tayyip Erdogan, afirm\u00f3 la determinaci\u00f3n de su pa\u00eds de continuar sus esfuerzos a trav\u00e9s de canales diplom\u00e1ticos por levantar las sanciones internacionales impuestas a Siria. &#8220;Expresamos nuestra gratitud por frustrar los intentos de promover el caos en Siria, y esperamos que en los pr\u00f3ximos a\u00f1os haya m\u00e1s &hellip;<\/p>\n","protected":false},"author":34,"featured_media":350593,"comment_status":"closed","ping_status":"closed","sticky":false,"template":"","format":"standard","meta":{"footnotes":""},"categories":[447,477,597,20724,467,7541],"tags":[],"class_list":["post-350592","post","type-post","status-publish","format-standard","has-post-thumbnail","","category-local-politica","category-noticias-edulcorantes","category-cinta-de-noticias","category-minuto-a-minuto","category-siria-y-el-mundo","category-ultimas-noticias"],"_links":{"self":[{"href":"https:\/\/archive.sana.sy\/es\/index.php?rest_route=\/wp\/v2\/posts\/350592"}],"collection":[{"href":"https:\/\/archive.sana.sy\/es\/index.php?rest_route=\/wp\/v2\/posts"}],"about":[{"href":"https:\/\/archive.sana.sy\/es\/index.php?rest_route=\/wp\/v2\/types\/post"}],"author":[{"embeddable":true,"href":"https:\/\/archive.sana.sy\/es\/index.php?rest_route=\/wp\/v2\/users\/34"}],"replies":[{"embeddable":true,"href":"https:\/\/archive.sana.sy\/es\/index.php?rest_route=%2Fwp%2Fv2%2Fcomments&post=350592"}],"version-history":[{"count":2,"href":"https:\/\/archive.sana.sy\/es\/index.php?rest_route=\/wp\/v2\/posts\/350592\/revisions"}],"predecessor-version":[{"id":350595,"href":"https:\/\/archive.sana.sy\/es\/index.php?rest_route=\/wp\/v2\/posts\/350592\/revisions\/350595"}],"wp:featuredmedia":[{"embeddable":true,"href":"https:\/\/archive.sana.sy\/es\/index.php?rest_route=\/wp\/v2\/media\/350593"}],"wp:attachment":[{"href":"https:\/\/archive.sana.sy\/es\/index.php?rest_route=%2Fwp%2Fv2%2Fmedia&parent=350592"}],"wp:term":[{"taxonomy":"category","embeddable":true,"href":"https:\/\/archive.sana.sy\/es\/index.php?rest_route=%2Fwp%2Fv2%2Fcategories&post=350592"},{"taxonomy":"post_tag","embeddable":true,"href":"https:\/\/archive.sana.sy\/es\/index.php?rest_route=%2Fwp%2Fv2%2Ftags&post=350592"}],"curies":[{"name":"wp","href":"https:\/\/api.w.org\/{rel}","templated":true}]}}