{"id":350599,"date":"2025-04-12T13:32:04","date_gmt":"2025-04-12T10:32:04","guid":{"rendered":"https:\/\/sana.sy\/es\/?p=350599"},"modified":"2025-04-12T13:32:04","modified_gmt":"2025-04-12T10:32:04","slug":"ue-el-nuevo-gobierno-sirio-quiere-lo-mejor-para-sus-ciudadanos-y-estamos-dispuestos-a-cooperar-con-el","status":"publish","type":"post","link":"https:\/\/archive.sana.sy\/es\/?p=350599","title":{"rendered":"UE: El nuevo Gobierno sirio quiere lo mejor para sus ciudadanos y estamos dispuestos a cooperar con \u00e9l"},"content":{"rendered":"<p style=\"text-align: justify;\"><span style=\"color: #000080;\"><strong>La Uni\u00f3n Europea ha cambiado la naturaleza de su presencia en Siria, y que las relaciones han pasado de un nivel puramente humanitario a un compromiso pol\u00edtico directo con el gobierno sirio.<\/strong><\/span><\/p>\n<p style=\"text-align: justify;\"><span style=\"color: #800000;\"><strong>Estambul, 12 abr (SANA)\u00a0\u00a0<\/strong> <\/span>El jefe de la Delegaci\u00f3n de la Uni\u00f3n Europea (UE) en Siria, Michael Onmacht, manifest\u00f3 la disposici\u00f3n del bloque europeo a cooperar con Siria y brindarle apoyo en sus prioridades y desaf\u00edos.<\/p>\n<p style=\"text-align: justify;\">En una entrevista con Syria TV, Onmacht explic\u00f3 que la situaci\u00f3n ha cambiado para la Uni\u00f3n Europea desde la ca\u00edda del r\u00e9gimen criminal, y que el compromiso oficial con el nuevo gobierno ya est\u00e1 en marcha y se celebran reuniones peri\u00f3dicas con sus ministros.<\/p>\n<p style=\"text-align: justify;\">Consider\u00f3 que la Uni\u00f3n Europea ha cambiado la naturaleza de su presencia en Siria, y que las relaciones han pasado de un nivel puramente humanitario a un compromiso pol\u00edtico directo con el gobierno sirio.<\/p>\n<p style=\"text-align: justify;\">Respecto a las sanciones impuestas a Siria, Onmacht enfatiz\u00f3 que la Uni\u00f3n Europea &#8220;no busca da\u00f1ar al pueblo sirio&#8221;, y afirm\u00f3 \u00a0que &#8220;no se levantar\u00e1n las sanciones individuales, especialmente aquellas relacionadas con cr\u00edmenes y violaciones&#8221;.<\/p>\n<p style=\"text-align: justify;\">El funcionario europeo indic\u00f3 que la Uni\u00f3n Europea est\u00e1 trabajando en coordinaci\u00f3n con ACNUR en la cuesti\u00f3n de los sirios desplazados.<\/p>\n","protected":false},"excerpt":{"rendered":"<p>La Uni\u00f3n Europea ha cambiado la naturaleza de su presencia en Siria, y que las relaciones han pasado de un nivel puramente humanitario a un compromiso pol\u00edtico directo con el gobierno sirio. Estambul, 12 abr (SANA)\u00a0\u00a0 El jefe de la Delegaci\u00f3n de la Uni\u00f3n Europea (UE) en Siria, Michael Onmacht, manifest\u00f3 la disposici\u00f3n del bloque &hellip;<\/p>\n","protected":false},"author":34,"featured_media":350600,"comment_status":"closed","ping_status":"closed","sticky":false,"template":"","format":"standard","meta":{"footnotes":""},"categories":[447,597,20724,467,7541],"tags":[],"class_list":["post-350599","post","type-post","status-publish","format-standard","has-post-thumbnail","","category-local-politica","category-cinta-de-noticias","category-minuto-a-minuto","category-siria-y-el-mundo","category-ultimas-noticias"],"_links":{"self":[{"href":"https:\/\/archive.sana.sy\/es\/index.php?rest_route=\/wp\/v2\/posts\/350599"}],"collection":[{"href":"https:\/\/archive.sana.sy\/es\/index.php?rest_route=\/wp\/v2\/posts"}],"about":[{"href":"https:\/\/archive.sana.sy\/es\/index.php?rest_route=\/wp\/v2\/types\/post"}],"author":[{"embeddable":true,"href":"https:\/\/archive.sana.sy\/es\/index.php?rest_route=\/wp\/v2\/users\/34"}],"replies":[{"embeddable":true,"href":"https:\/\/archive.sana.sy\/es\/index.php?rest_route=%2Fwp%2Fv2%2Fcomments&post=350599"}],"version-history":[{"count":1,"href":"https:\/\/archive.sana.sy\/es\/index.php?rest_route=\/wp\/v2\/posts\/350599\/revisions"}],"predecessor-version":[{"id":350601,"href":"https:\/\/archive.sana.sy\/es\/index.php?rest_route=\/wp\/v2\/posts\/350599\/revisions\/350601"}],"wp:featuredmedia":[{"embeddable":true,"href":"https:\/\/archive.sana.sy\/es\/index.php?rest_route=\/wp\/v2\/media\/350600"}],"wp:attachment":[{"href":"https:\/\/archive.sana.sy\/es\/index.php?rest_route=%2Fwp%2Fv2%2Fmedia&parent=350599"}],"wp:term":[{"taxonomy":"category","embeddable":true,"href":"https:\/\/archive.sana.sy\/es\/index.php?rest_route=%2Fwp%2Fv2%2Fcategories&post=350599"},{"taxonomy":"post_tag","embeddable":true,"href":"https:\/\/archive.sana.sy\/es\/index.php?rest_route=%2Fwp%2Fv2%2Ftags&post=350599"}],"curies":[{"name":"wp","href":"https:\/\/api.w.org\/{rel}","templated":true}]}}