{"id":350620,"date":"2025-04-12T18:30:55","date_gmt":"2025-04-12T15:30:55","guid":{"rendered":"https:\/\/sana.sy\/es\/?p=350620"},"modified":"2025-04-12T18:30:55","modified_gmt":"2025-04-12T15:30:55","slug":"qatar-destaca-la-importancia-de-lograr-la-seguridad-y-estabilidad-de-siria","status":"publish","type":"post","link":"https:\/\/archive.sana.sy\/es\/?p=350620","title":{"rendered":"Qatar destaca la importancia de lograr la seguridad y estabilidad de Siria"},"content":{"rendered":"<p style=\"text-align: justify;\"><span style=\"color: #800000;\"><strong>Nueva York, 12 abr (SANA)\u00a0<\/strong><\/span> Qatar reiter\u00f3 su apoyo a la soberan\u00eda, la unidad nacional y la integridad territorial de la Rep\u00fablica \u00c1rabe Siria.<\/p>\n<p style=\"text-align: justify;\">La postura de Qatar fue expresada durante una reuni\u00f3n entre la Representante Permanente de Qatar ante las Naciones Unidas, Alya Ahmed Al Thani, y el Enviado Especial del Secretario General de la ONU para Siria, Geir Pedersen, en la sede de la Misi\u00f3n Permanente en Nueva York.<\/p>\n<p style=\"text-align: justify;\">Seg\u00fan la Agencia de Noticias de Qatar (QNA), Al Thani se\u00f1al\u00f3 la importancia de apoyar los esfuerzos de Pedersen para lograr las aspiraciones del hermano pueblo sirio en la seguridad y estabilidad.<\/p>\n<p style=\"text-align: justify;\">\n","protected":false},"excerpt":{"rendered":"<p>Nueva York, 12 abr (SANA)\u00a0 Qatar reiter\u00f3 su apoyo a la soberan\u00eda, la unidad nacional y la integridad territorial de la Rep\u00fablica \u00c1rabe Siria. La postura de Qatar fue expresada durante una reuni\u00f3n entre la Representante Permanente de Qatar ante las Naciones Unidas, Alya Ahmed Al Thani, y el Enviado Especial del Secretario General de &hellip;<\/p>\n","protected":false},"author":31,"featured_media":350621,"comment_status":"closed","ping_status":"closed","sticky":false,"template":"","format":"standard","meta":{"footnotes":""},"categories":[597,467,7541],"tags":[],"class_list":["post-350620","post","type-post","status-publish","format-standard","has-post-thumbnail","","category-cinta-de-noticias","category-siria-y-el-mundo","category-ultimas-noticias"],"_links":{"self":[{"href":"https:\/\/archive.sana.sy\/es\/index.php?rest_route=\/wp\/v2\/posts\/350620"}],"collection":[{"href":"https:\/\/archive.sana.sy\/es\/index.php?rest_route=\/wp\/v2\/posts"}],"about":[{"href":"https:\/\/archive.sana.sy\/es\/index.php?rest_route=\/wp\/v2\/types\/post"}],"author":[{"embeddable":true,"href":"https:\/\/archive.sana.sy\/es\/index.php?rest_route=\/wp\/v2\/users\/31"}],"replies":[{"embeddable":true,"href":"https:\/\/archive.sana.sy\/es\/index.php?rest_route=%2Fwp%2Fv2%2Fcomments&post=350620"}],"version-history":[{"count":1,"href":"https:\/\/archive.sana.sy\/es\/index.php?rest_route=\/wp\/v2\/posts\/350620\/revisions"}],"predecessor-version":[{"id":350622,"href":"https:\/\/archive.sana.sy\/es\/index.php?rest_route=\/wp\/v2\/posts\/350620\/revisions\/350622"}],"wp:featuredmedia":[{"embeddable":true,"href":"https:\/\/archive.sana.sy\/es\/index.php?rest_route=\/wp\/v2\/media\/350621"}],"wp:attachment":[{"href":"https:\/\/archive.sana.sy\/es\/index.php?rest_route=%2Fwp%2Fv2%2Fmedia&parent=350620"}],"wp:term":[{"taxonomy":"category","embeddable":true,"href":"https:\/\/archive.sana.sy\/es\/index.php?rest_route=%2Fwp%2Fv2%2Fcategories&post=350620"},{"taxonomy":"post_tag","embeddable":true,"href":"https:\/\/archive.sana.sy\/es\/index.php?rest_route=%2Fwp%2Fv2%2Ftags&post=350620"}],"curies":[{"name":"wp","href":"https:\/\/api.w.org\/{rel}","templated":true}]}}