{"id":35064,"date":"2015-12-12T19:17:09","date_gmt":"2015-12-12T17:17:09","guid":{"rendered":"http:\/\/sana.sy\/es\/?p=35064"},"modified":"2015-12-12T19:17:09","modified_gmt":"2015-12-12T17:17:09","slug":"ataques-con-mortero-contra-damasco-dejan-dos-civiles-muertos","status":"publish","type":"post","link":"https:\/\/archive.sana.sy\/es\/?p=35064","title":{"rendered":"Ataques con mortero contra Damasco dejan dos civiles muertos"},"content":{"rendered":"<p style=\"text-align: justify\"><span style=\"color: #800000\">Damasco, SANA<\/span>&#8211; Dos personas perdieron la vida y otras 6 resultaron heridas por la ca\u00edda de 15 proyectiles disparados por las bandas terroristas contra varias zonas en la ciudad de Damasco.<\/p>\n<p style=\"text-align: justify\">De acuerdo con una fuente de polic\u00eda, dos personas cayeron m\u00e1rtires y otras tres resultaron heridas en el barrio residencial de al-Salhiya tras la ca\u00edda de unos proyectiles de mortero.<\/p>\n<p style=\"text-align: justify\">La fuente agreg\u00f3 que otros 6 proyectiles de mortero impactaron el barrio residencial de al-Tabalah dejando tres civiles con lesiones, adem\u00e1s de provocar p\u00e9rdidas materiales en la zona.<\/p>\n<p style=\"text-align: justify\">De igual manera, en el campamento de Yaramana la ca\u00edda de un proyectil de mortero caus\u00f3 da\u00f1os materiales, sin registrar p\u00e9rdidas humana, revel\u00f3 la fuente.<\/p>\n<p style=\"text-align: justify\">M.Miri<\/p>\n","protected":false},"excerpt":{"rendered":"<p>Damasco, SANA&#8211; Dos personas perdieron la vida y otras 6 resultaron heridas por la ca\u00edda de 15 proyectiles disparados por las bandas terroristas contra varias zonas en la ciudad de Damasco. De acuerdo con una fuente de polic\u00eda, dos personas cayeron m\u00e1rtires y otras tres resultaron heridas en el barrio residencial de al-Salhiya tras la &hellip;<\/p>\n","protected":false},"author":1,"featured_media":35065,"comment_status":"closed","ping_status":"closed","sticky":false,"template":"","format":"standard","meta":{"footnotes":""},"categories":[477,573,476],"tags":[7577],"class_list":["post-35064","post","type-post","status-publish","format-standard","has-post-thumbnail","","category-noticias-edulcorantes","category-la-realidad-de-los-acontecimientos-en-siria","category-locales","tag-ataques-con-mortero-contra-damasco-dejan-dos-civiles-muertos"],"_links":{"self":[{"href":"https:\/\/archive.sana.sy\/es\/index.php?rest_route=\/wp\/v2\/posts\/35064"}],"collection":[{"href":"https:\/\/archive.sana.sy\/es\/index.php?rest_route=\/wp\/v2\/posts"}],"about":[{"href":"https:\/\/archive.sana.sy\/es\/index.php?rest_route=\/wp\/v2\/types\/post"}],"author":[{"embeddable":true,"href":"https:\/\/archive.sana.sy\/es\/index.php?rest_route=\/wp\/v2\/users\/1"}],"replies":[{"embeddable":true,"href":"https:\/\/archive.sana.sy\/es\/index.php?rest_route=%2Fwp%2Fv2%2Fcomments&post=35064"}],"version-history":[{"count":0,"href":"https:\/\/archive.sana.sy\/es\/index.php?rest_route=\/wp\/v2\/posts\/35064\/revisions"}],"wp:featuredmedia":[{"embeddable":true,"href":"https:\/\/archive.sana.sy\/es\/index.php?rest_route=\/wp\/v2\/media\/35065"}],"wp:attachment":[{"href":"https:\/\/archive.sana.sy\/es\/index.php?rest_route=%2Fwp%2Fv2%2Fmedia&parent=35064"}],"wp:term":[{"taxonomy":"category","embeddable":true,"href":"https:\/\/archive.sana.sy\/es\/index.php?rest_route=%2Fwp%2Fv2%2Fcategories&post=35064"},{"taxonomy":"post_tag","embeddable":true,"href":"https:\/\/archive.sana.sy\/es\/index.php?rest_route=%2Fwp%2Fv2%2Ftags&post=35064"}],"curies":[{"name":"wp","href":"https:\/\/api.w.org\/{rel}","templated":true}]}}