{"id":350654,"date":"2025-04-13T13:41:52","date_gmt":"2025-04-13T10:41:52","guid":{"rendered":"https:\/\/sana.sy\/es\/?p=350654"},"modified":"2025-04-13T13:41:52","modified_gmt":"2025-04-13T10:41:52","slug":"canciller-venezolano-exige-levantar-sanciones-impuestas-a-siria","status":"publish","type":"post","link":"https:\/\/archive.sana.sy\/es\/?p=350654","title":{"rendered":"Canciller venezolano exige levantar sanciones impuestas a Siria"},"content":{"rendered":"<blockquote>\n<p style=\"text-align: justify;\"><strong>El canciller venezolano, Yvan Gil, explic\u00f3 que su pa\u00eds siempre se ha posicionado en contra de las medidas coercitivas unilaterales y que ning\u00fan pa\u00eds debe ser sometido a este tipo de medidas.<\/strong><\/p>\n<\/blockquote>\n<p style=\"text-align: justify;\"><span style=\"color: #800000;\"><strong>Ankara, 13 abr (SANA)\u00a0<\/strong> <\/span>El canciller venezolano, Yvan Gil, pidi\u00f3 hoy el levantamiento de las sanciones occidentales impuestas a Siria.<\/p>\n<p style=\"text-align: justify;\">En declaraciones citadas por la agencia Anadolu en el marco de su participaci\u00f3n en el cuarto Foro Diplom\u00e1tico de Antalya, Gil dijo que estas sanciones deben levantarse por completo.<\/p>\n<p style=\"text-align: justify;\">Explic\u00f3 que su pa\u00eds siempre se ha posicionado en contra de las medidas coercitivas unilaterales y que ning\u00fan pa\u00eds debe ser sometido a este tipo de medidas.<\/p>\n<p style=\"text-align: justify;\">Gill se\u00f1al\u00f3 que su pa\u00eds quiere que el pueblo sirio viva en paz y determine su propio destino preservando su integridad territorial y soberan\u00eda, y enfatiz\u00f3 la importancia de establecer la paz en Siria por el bien de la paz en la regi\u00f3n.<\/p>\n","protected":false},"excerpt":{"rendered":"<p>El canciller venezolano, Yvan Gil, explic\u00f3 que su pa\u00eds siempre se ha posicionado en contra de las medidas coercitivas unilaterales y que ning\u00fan pa\u00eds debe ser sometido a este tipo de medidas. Ankara, 13 abr (SANA)\u00a0 El canciller venezolano, Yvan Gil, pidi\u00f3 hoy el levantamiento de las sanciones occidentales impuestas a Siria. En declaraciones citadas &hellip;<\/p>\n","protected":false},"author":34,"featured_media":350655,"comment_status":"closed","ping_status":"closed","sticky":false,"template":"","format":"standard","meta":{"footnotes":""},"categories":[597,456,7541],"tags":[],"class_list":["post-350654","post","type-post","status-publish","format-standard","has-post-thumbnail","","category-cinta-de-noticias","category-arabe-internacional-politica","category-ultimas-noticias"],"_links":{"self":[{"href":"https:\/\/archive.sana.sy\/es\/index.php?rest_route=\/wp\/v2\/posts\/350654"}],"collection":[{"href":"https:\/\/archive.sana.sy\/es\/index.php?rest_route=\/wp\/v2\/posts"}],"about":[{"href":"https:\/\/archive.sana.sy\/es\/index.php?rest_route=\/wp\/v2\/types\/post"}],"author":[{"embeddable":true,"href":"https:\/\/archive.sana.sy\/es\/index.php?rest_route=\/wp\/v2\/users\/34"}],"replies":[{"embeddable":true,"href":"https:\/\/archive.sana.sy\/es\/index.php?rest_route=%2Fwp%2Fv2%2Fcomments&post=350654"}],"version-history":[{"count":1,"href":"https:\/\/archive.sana.sy\/es\/index.php?rest_route=\/wp\/v2\/posts\/350654\/revisions"}],"predecessor-version":[{"id":350656,"href":"https:\/\/archive.sana.sy\/es\/index.php?rest_route=\/wp\/v2\/posts\/350654\/revisions\/350656"}],"wp:featuredmedia":[{"embeddable":true,"href":"https:\/\/archive.sana.sy\/es\/index.php?rest_route=\/wp\/v2\/media\/350655"}],"wp:attachment":[{"href":"https:\/\/archive.sana.sy\/es\/index.php?rest_route=%2Fwp%2Fv2%2Fmedia&parent=350654"}],"wp:term":[{"taxonomy":"category","embeddable":true,"href":"https:\/\/archive.sana.sy\/es\/index.php?rest_route=%2Fwp%2Fv2%2Fcategories&post=350654"},{"taxonomy":"post_tag","embeddable":true,"href":"https:\/\/archive.sana.sy\/es\/index.php?rest_route=%2Fwp%2Fv2%2Ftags&post=350654"}],"curies":[{"name":"wp","href":"https:\/\/api.w.org\/{rel}","templated":true}]}}