{"id":350657,"date":"2025-04-13T13:51:07","date_gmt":"2025-04-13T10:51:07","guid":{"rendered":"https:\/\/sana.sy\/es\/?p=350657"},"modified":"2025-04-13T13:51:07","modified_gmt":"2025-04-13T10:51:07","slug":"primer-ministro-libanes-visitara-siria-este-lunes","status":"publish","type":"post","link":"https:\/\/archive.sana.sy\/es\/?p=350657","title":{"rendered":"Primer Ministro liban\u00e9s visitar\u00e1 Siria este lunes"},"content":{"rendered":"<p style=\"text-align: justify;\"><strong><span style=\"color: #800000;\">Beirut, 13 abr (SANA)\u00a0<\/span>\u00a0<\/strong> El primer ministro liban\u00e9s, Nawaf Salam, anunci\u00f3 hoy que realizar\u00e1 una visita a Siria este lunes para reunirse con altos funcionarios y discutir una serie de temas de inter\u00e9s com\u00fan entre los dos pa\u00edses.<\/p>\n<p style=\"text-align: justify;\">La Agencia Nacional de Noticias Libanesa cit\u00f3 a Salam diciendo que la cuesti\u00f3n de los ciudadanos libaneses que han desaparecido en las c\u00e1rceles sirias y fueron secuestrados durante la era del r\u00e9gimen anterior estar\u00e1 entre los temas a debatir durante su visita.<\/p>\n<p style=\"text-align: justify;\">&#8220;Espero regresar con buenas noticias sobre los desaparecidos en Siria, y ma\u00f1ana actualizar\u00e9 a los libaneses sobre este tema&#8221;, dijo Salam.<\/p>\n","protected":false},"excerpt":{"rendered":"<p>Beirut, 13 abr (SANA)\u00a0\u00a0 El primer ministro liban\u00e9s, Nawaf Salam, anunci\u00f3 hoy que realizar\u00e1 una visita a Siria este lunes para reunirse con altos funcionarios y discutir una serie de temas de inter\u00e9s com\u00fan entre los dos pa\u00edses. La Agencia Nacional de Noticias Libanesa cit\u00f3 a Salam diciendo que la cuesti\u00f3n de los ciudadanos libaneses &hellip;<\/p>\n","protected":false},"author":34,"featured_media":350658,"comment_status":"closed","ping_status":"closed","sticky":false,"template":"","format":"standard","meta":{"footnotes":""},"categories":[597,20724,467,7541],"tags":[],"class_list":["post-350657","post","type-post","status-publish","format-standard","has-post-thumbnail","","category-cinta-de-noticias","category-minuto-a-minuto","category-siria-y-el-mundo","category-ultimas-noticias"],"_links":{"self":[{"href":"https:\/\/archive.sana.sy\/es\/index.php?rest_route=\/wp\/v2\/posts\/350657"}],"collection":[{"href":"https:\/\/archive.sana.sy\/es\/index.php?rest_route=\/wp\/v2\/posts"}],"about":[{"href":"https:\/\/archive.sana.sy\/es\/index.php?rest_route=\/wp\/v2\/types\/post"}],"author":[{"embeddable":true,"href":"https:\/\/archive.sana.sy\/es\/index.php?rest_route=\/wp\/v2\/users\/34"}],"replies":[{"embeddable":true,"href":"https:\/\/archive.sana.sy\/es\/index.php?rest_route=%2Fwp%2Fv2%2Fcomments&post=350657"}],"version-history":[{"count":1,"href":"https:\/\/archive.sana.sy\/es\/index.php?rest_route=\/wp\/v2\/posts\/350657\/revisions"}],"predecessor-version":[{"id":350659,"href":"https:\/\/archive.sana.sy\/es\/index.php?rest_route=\/wp\/v2\/posts\/350657\/revisions\/350659"}],"wp:featuredmedia":[{"embeddable":true,"href":"https:\/\/archive.sana.sy\/es\/index.php?rest_route=\/wp\/v2\/media\/350658"}],"wp:attachment":[{"href":"https:\/\/archive.sana.sy\/es\/index.php?rest_route=%2Fwp%2Fv2%2Fmedia&parent=350657"}],"wp:term":[{"taxonomy":"category","embeddable":true,"href":"https:\/\/archive.sana.sy\/es\/index.php?rest_route=%2Fwp%2Fv2%2Fcategories&post=350657"},{"taxonomy":"post_tag","embeddable":true,"href":"https:\/\/archive.sana.sy\/es\/index.php?rest_route=%2Fwp%2Fv2%2Ftags&post=350657"}],"curies":[{"name":"wp","href":"https:\/\/api.w.org\/{rel}","templated":true}]}}