{"id":350660,"date":"2025-04-13T14:00:52","date_gmt":"2025-04-13T11:00:52","guid":{"rendered":"https:\/\/sana.sy\/es\/?p=350660"},"modified":"2025-04-13T14:01:07","modified_gmt":"2025-04-13T11:01:07","slug":"la-comunidad-cristiana-en-damasco-celebra-el-domingo-de-ramos","status":"publish","type":"post","link":"https:\/\/archive.sana.sy\/es\/?p=350660","title":{"rendered":"La comunidad cristiana en Damasco celebra el Domingo de Ramos"},"content":{"rendered":"<p style=\"text-align: justify;\"><span style=\"color: #800000;\"><strong>Damasco, 13 abr (SANA)\u00a0<\/strong> <\/span>La comunidad cristiana de Damasco celebr\u00f3 el Domingo de Ramos, aniversario de la entrada de Jesucristo, el mensajero del amor y de la paz, en la ciudad de Jerusal\u00e9n.<\/p>\n<p style=\"text-align: justify;\">Con esta ocasi\u00f3n, se celebraron misas y oraciones, oficionadas por Sus Beatitudes los Patriarcas y los Metropolitanos, quienes pronunciaron sermones y rogaron que la paz y el amor prevalezcan en todo el pa\u00eds. \u200f<\/p>\n<p style=\"text-align: justify;\">Tambi\u00e9n destacaron la necesidad de que los sirios se unan en esta etapa crucial y apoyen a su pa\u00eds, contribuyendo a mejorar la seguridad, estabilidad y la reconstrucci\u00f3n.<\/p>\n<p style=\"text-align: justify;\">Luego de las misas y oraciones, los equipos de Exploradores de la iglesia interpretaron himnos y cantos para esta ocasi\u00f3n, adem\u00e1s de realizar actividades y repartir dulces a los ni\u00f1os.<\/p>\n","protected":false},"excerpt":{"rendered":"<p>Damasco, 13 abr (SANA)\u00a0 La comunidad cristiana de Damasco celebr\u00f3 el Domingo de Ramos, aniversario de la entrada de Jesucristo, el mensajero del amor y de la paz, en la ciudad de Jerusal\u00e9n. Con esta ocasi\u00f3n, se celebraron misas y oraciones, oficionadas por Sus Beatitudes los Patriarcas y los Metropolitanos, quienes pronunciaron sermones y rogaron &hellip;<\/p>\n","protected":false},"author":34,"featured_media":350661,"comment_status":"closed","ping_status":"closed","sticky":false,"template":"","format":"standard","meta":{"footnotes":""},"categories":[477,447,597,20724,476,7541],"tags":[],"class_list":["post-350660","post","type-post","status-publish","format-standard","has-post-thumbnail","","category-noticias-edulcorantes","category-local-politica","category-cinta-de-noticias","category-minuto-a-minuto","category-locales","category-ultimas-noticias"],"_links":{"self":[{"href":"https:\/\/archive.sana.sy\/es\/index.php?rest_route=\/wp\/v2\/posts\/350660"}],"collection":[{"href":"https:\/\/archive.sana.sy\/es\/index.php?rest_route=\/wp\/v2\/posts"}],"about":[{"href":"https:\/\/archive.sana.sy\/es\/index.php?rest_route=\/wp\/v2\/types\/post"}],"author":[{"embeddable":true,"href":"https:\/\/archive.sana.sy\/es\/index.php?rest_route=\/wp\/v2\/users\/34"}],"replies":[{"embeddable":true,"href":"https:\/\/archive.sana.sy\/es\/index.php?rest_route=%2Fwp%2Fv2%2Fcomments&post=350660"}],"version-history":[{"count":1,"href":"https:\/\/archive.sana.sy\/es\/index.php?rest_route=\/wp\/v2\/posts\/350660\/revisions"}],"predecessor-version":[{"id":350662,"href":"https:\/\/archive.sana.sy\/es\/index.php?rest_route=\/wp\/v2\/posts\/350660\/revisions\/350662"}],"wp:featuredmedia":[{"embeddable":true,"href":"https:\/\/archive.sana.sy\/es\/index.php?rest_route=\/wp\/v2\/media\/350661"}],"wp:attachment":[{"href":"https:\/\/archive.sana.sy\/es\/index.php?rest_route=%2Fwp%2Fv2%2Fmedia&parent=350660"}],"wp:term":[{"taxonomy":"category","embeddable":true,"href":"https:\/\/archive.sana.sy\/es\/index.php?rest_route=%2Fwp%2Fv2%2Fcategories&post=350660"},{"taxonomy":"post_tag","embeddable":true,"href":"https:\/\/archive.sana.sy\/es\/index.php?rest_route=%2Fwp%2Fv2%2Ftags&post=350660"}],"curies":[{"name":"wp","href":"https:\/\/api.w.org\/{rel}","templated":true}]}}