{"id":350679,"date":"2025-04-13T18:41:04","date_gmt":"2025-04-13T15:41:04","guid":{"rendered":"https:\/\/sana.sy\/es\/?p=350679"},"modified":"2025-04-13T18:41:04","modified_gmt":"2025-04-13T15:41:04","slug":"fidan-las-incursiones-israelies-en-siria-crean-inestabilidad","status":"publish","type":"post","link":"https:\/\/archive.sana.sy\/es\/?p=350679","title":{"rendered":"Fidan: Las incursiones israel\u00edes en Siria crean inestabilidad"},"content":{"rendered":"<p style=\"text-align: justify;\"><span style=\"color: #800000;\"><strong>Antalya, 13 abr (SANA)\u00a0<\/strong><\/span> El ministro de Asuntos Exteriores turco, Hakan Fidan, indic\u00f3 que las incursiones israel\u00edes en Siria son provocadoras y crean inestabilidad.<\/p>\n<p style=\"text-align: justify;\">Durante una conferencia de prensa ofrecida hoy al concluir el Foro Diplom\u00e1tico de Antalya, Fidan destac\u00f3 el respeto a la soberan\u00eda de Siria y el fin de las violaciones israel\u00edes en territorio sirio.<\/p>\n<p style=\"text-align: justify;\">Fidan expres\u00f3 el apoyo de su pa\u00eds al nuevo gobierno sirio para lograr la seguridad, la estabilidad y la lucha contra el terrorismo.<\/p>\n<p style=\"text-align: justify;\">Afirm\u00f3 la intenci\u00f3n del presidente turco, Recep Tayyip Erdogan, de visitar Siria.<\/p>\n<p style=\"text-align: justify;\">\n","protected":false},"excerpt":{"rendered":"<p>Antalya, 13 abr (SANA)\u00a0 El ministro de Asuntos Exteriores turco, Hakan Fidan, indic\u00f3 que las incursiones israel\u00edes en Siria son provocadoras y crean inestabilidad. Durante una conferencia de prensa ofrecida hoy al concluir el Foro Diplom\u00e1tico de Antalya, Fidan destac\u00f3 el respeto a la soberan\u00eda de Siria y el fin de las violaciones israel\u00edes en &hellip;<\/p>\n","protected":false},"author":31,"featured_media":350680,"comment_status":"closed","ping_status":"closed","sticky":false,"template":"","format":"standard","meta":{"footnotes":""},"categories":[597,467,7541],"tags":[],"class_list":["post-350679","post","type-post","status-publish","format-standard","has-post-thumbnail","","category-cinta-de-noticias","category-siria-y-el-mundo","category-ultimas-noticias"],"_links":{"self":[{"href":"https:\/\/archive.sana.sy\/es\/index.php?rest_route=\/wp\/v2\/posts\/350679"}],"collection":[{"href":"https:\/\/archive.sana.sy\/es\/index.php?rest_route=\/wp\/v2\/posts"}],"about":[{"href":"https:\/\/archive.sana.sy\/es\/index.php?rest_route=\/wp\/v2\/types\/post"}],"author":[{"embeddable":true,"href":"https:\/\/archive.sana.sy\/es\/index.php?rest_route=\/wp\/v2\/users\/31"}],"replies":[{"embeddable":true,"href":"https:\/\/archive.sana.sy\/es\/index.php?rest_route=%2Fwp%2Fv2%2Fcomments&post=350679"}],"version-history":[{"count":1,"href":"https:\/\/archive.sana.sy\/es\/index.php?rest_route=\/wp\/v2\/posts\/350679\/revisions"}],"predecessor-version":[{"id":350681,"href":"https:\/\/archive.sana.sy\/es\/index.php?rest_route=\/wp\/v2\/posts\/350679\/revisions\/350681"}],"wp:featuredmedia":[{"embeddable":true,"href":"https:\/\/archive.sana.sy\/es\/index.php?rest_route=\/wp\/v2\/media\/350680"}],"wp:attachment":[{"href":"https:\/\/archive.sana.sy\/es\/index.php?rest_route=%2Fwp%2Fv2%2Fmedia&parent=350679"}],"wp:term":[{"taxonomy":"category","embeddable":true,"href":"https:\/\/archive.sana.sy\/es\/index.php?rest_route=%2Fwp%2Fv2%2Fcategories&post=350679"},{"taxonomy":"post_tag","embeddable":true,"href":"https:\/\/archive.sana.sy\/es\/index.php?rest_route=%2Fwp%2Fv2%2Ftags&post=350679"}],"curies":[{"name":"wp","href":"https:\/\/api.w.org\/{rel}","templated":true}]}}