{"id":350693,"date":"2025-04-14T09:44:49","date_gmt":"2025-04-14T06:44:49","guid":{"rendered":"https:\/\/sana.sy\/es\/?p=350693"},"modified":"2025-04-14T09:48:24","modified_gmt":"2025-04-14T06:48:24","slug":"ministerio-de-salud-lanza-campana-de-vacunacion-para-ninos-menores-de-5-anos","status":"publish","type":"post","link":"https:\/\/archive.sana.sy\/es\/?p=350693","title":{"rendered":"Ministerio de Salud lanza campa\u00f1a de vacunaci\u00f3n para ni\u00f1os menores de 5 a\u00f1os"},"content":{"rendered":"<p style=\"text-align: justify;\"><span style=\"color: #800000;\">Damasco, 14 abr (SANA)\u00a0<\/span> El Ministerio de Salud organiz\u00f3 un seminario introductorio sobre la campa\u00f1a de vacunaci\u00f3n rutinaria de los ni\u00f1os y el seguimiento de aquellos menores de cinco a\u00f1os que no recibieron las vacunas.<\/p>\n<p style=\"text-align: justify;\">La campa\u00f1a se lanzar\u00e1 el 21 de este mes de abril y continuar\u00e1 hasta el d\u00eda 30 de este mismo mes, en colaboraci\u00f3n con el Fondo de las Naciones Unidas para la Infancia (UNICEF).<\/p>\n<p style=\"text-align: justify;\">En el seminario, celebrado en el Ministerio de Informaci\u00f3n, fueron explicados los objetivos, justificaciones, directrices y los mensajes de la campa\u00f1a, adem\u00e1s de asignar funciones y coordinar esfuerzos para facilitar su ejecuci\u00f3n.<br \/>\nTambi\u00e9n, se destac\u00f3 el papel de los medios de comunicaci\u00f3n en la difusi\u00f3n de la campa\u00f1a.<\/p>\n<p style=\"text-align: justify;\">Razan Al-Tarabishi, la directora de Atenci\u00f3n Primaria y jefa del Programa Nacional de Inmunizaci\u00f3n del Ministerio de Salud, explic\u00f3 que la campa\u00f1a abarca a los ni\u00f1os desde el primer d\u00eda de nacimiento hasta los cinco a\u00f1os.<\/p>\n<p style=\"text-align: justify;\">Pretendemos inmunizar a aproximadamente 3.2 millones de ni\u00f1os, proporcion\u00e1ndoles las vacunas necesarias, especialmente a aquellos que nunca han recibido vacuna (dosis cero), dijo la funcionaria.<\/p>\n<p style=\"text-align: justify;\">Aclar\u00f3 que la vacuna es segura, eficaz, gratuita y recomendada por la Organizaci\u00f3n Mundial de la Salud.<br \/>\n\u200f<br \/>\nEsta campa\u00f1a es la primera que se implementa tras la liberaci\u00f3n de Siria y abarca todas las provincias sirias. Asimismo, se implementa mediante mil 94 centros de salud fijos y 82 centros reci\u00e9n establecidos que cubren diversas regiones.<\/p>\n<p style=\"text-align: justify;\">Asimismo, mil 8 equipos m\u00f3viles con m\u00e1s de 10 mil 863 profesionales de salud, estar\u00e1n involucrados en esta campa\u00f1a de vacunaci\u00f3n.<\/p>\n","protected":false},"excerpt":{"rendered":"<p>Damasco, 14 abr (SANA)\u00a0 El Ministerio de Salud organiz\u00f3 un seminario introductorio sobre la campa\u00f1a de vacunaci\u00f3n rutinaria de los ni\u00f1os y el seguimiento de aquellos menores de cinco a\u00f1os que no recibieron las vacunas. La campa\u00f1a se lanzar\u00e1 el 21 de este mes de abril y continuar\u00e1 hasta el d\u00eda 30 de este mismo &hellip;<\/p>\n","protected":false},"author":32,"featured_media":350697,"comment_status":"closed","ping_status":"closed","sticky":false,"template":"","format":"standard","meta":{"footnotes":""},"categories":[477,597,20724,476,7541],"tags":[],"class_list":["post-350693","post","type-post","status-publish","format-standard","has-post-thumbnail","","category-noticias-edulcorantes","category-cinta-de-noticias","category-minuto-a-minuto","category-locales","category-ultimas-noticias"],"_links":{"self":[{"href":"https:\/\/archive.sana.sy\/es\/index.php?rest_route=\/wp\/v2\/posts\/350693"}],"collection":[{"href":"https:\/\/archive.sana.sy\/es\/index.php?rest_route=\/wp\/v2\/posts"}],"about":[{"href":"https:\/\/archive.sana.sy\/es\/index.php?rest_route=\/wp\/v2\/types\/post"}],"author":[{"embeddable":true,"href":"https:\/\/archive.sana.sy\/es\/index.php?rest_route=\/wp\/v2\/users\/32"}],"replies":[{"embeddable":true,"href":"https:\/\/archive.sana.sy\/es\/index.php?rest_route=%2Fwp%2Fv2%2Fcomments&post=350693"}],"version-history":[{"count":4,"href":"https:\/\/archive.sana.sy\/es\/index.php?rest_route=\/wp\/v2\/posts\/350693\/revisions"}],"predecessor-version":[{"id":350704,"href":"https:\/\/archive.sana.sy\/es\/index.php?rest_route=\/wp\/v2\/posts\/350693\/revisions\/350704"}],"wp:featuredmedia":[{"embeddable":true,"href":"https:\/\/archive.sana.sy\/es\/index.php?rest_route=\/wp\/v2\/media\/350697"}],"wp:attachment":[{"href":"https:\/\/archive.sana.sy\/es\/index.php?rest_route=%2Fwp%2Fv2%2Fmedia&parent=350693"}],"wp:term":[{"taxonomy":"category","embeddable":true,"href":"https:\/\/archive.sana.sy\/es\/index.php?rest_route=%2Fwp%2Fv2%2Fcategories&post=350693"},{"taxonomy":"post_tag","embeddable":true,"href":"https:\/\/archive.sana.sy\/es\/index.php?rest_route=%2Fwp%2Fv2%2Ftags&post=350693"}],"curies":[{"name":"wp","href":"https:\/\/api.w.org\/{rel}","templated":true}]}}