{"id":350718,"date":"2025-04-14T10:53:05","date_gmt":"2025-04-14T07:53:05","guid":{"rendered":"https:\/\/sana.sy\/es\/?p=350718"},"modified":"2025-04-14T10:53:12","modified_gmt":"2025-04-14T07:53:12","slug":"comienzan-obras-de-rehabilitacion-en-algunas-escuelas-de-hama-fotos","status":"publish","type":"post","link":"https:\/\/archive.sana.sy\/es\/?p=350718","title":{"rendered":"Comienzan obras de rehabilitaci\u00f3n en algunas escuelas de Hama (+ fotos)"},"content":{"rendered":"<p style=\"text-align: justify;\"><span style=\"color: #800000;\"><strong>Hama, 14 abr (SANA)<\/strong><\/span> En el marco de la cooperaci\u00f3n conjunta entre el Ministerio de Educaci\u00f3n y la organizaci\u00f3n \u201cMisericordia Sin Fronteras\u201d, iniciaron los trabajos de rehabilitaci\u00f3n de nueve escuelas en la ciudad de Hama, cabecera de la provincia del mismo nombre.<\/p>\n<p style=\"text-align: justify;\">El director provincial de Educaci\u00f3n, Ahmed Al-Madloush, explic\u00f3 a SANA que los trabajos en la escuela Omar Ibn Al-Khattab incluyeron la reparaci\u00f3n de puertas, el mantenimiento de la red el\u00e9ctrica y las instalaciones de sanidad y la pintura de las aulas.<\/p>\n<p style=\"text-align: justify;\">Al-Madloush indic\u00f3 que se adoptaron las medidas necesarias para garantizar la continuidad del proceso educativo y aclar\u00f3 que el mantenimiento de las escuelas tiene como objetivo crear un buen ambiente educartivo en el aula.<\/p>\n<div id='gallery-1' class='gallery galleryid-350718 gallery-columns-1 gallery-size-full'><figure class='gallery-item'>\n\t\t\t<div class='gallery-icon landscape'>\n\t\t\t\t<a href='https:\/\/archive.sana.sy\/es\/wp-content\/uploads\/2025\/04\/photo_2025-04-10_14-16-44-3.jpg'><img loading=\"lazy\" decoding=\"async\" width=\"660\" height=\"418\" src=\"https:\/\/archive.sana.sy\/es\/wp-content\/uploads\/2025\/04\/photo_2025-04-10_14-16-44-3.jpg\" class=\"attachment-full size-full\" alt=\"\" srcset=\"https:\/\/archive.sana.sy\/es\/wp-content\/uploads\/2025\/04\/photo_2025-04-10_14-16-44-3.jpg 660w, https:\/\/archive.sana.sy\/es\/wp-content\/uploads\/2025\/04\/photo_2025-04-10_14-16-44-3-300x190.jpg 300w, https:\/\/archive.sana.sy\/es\/wp-content\/uploads\/2025\/04\/photo_2025-04-10_14-16-44-3-150x95.jpg 150w\" sizes=\"(max-width: 660px) 100vw, 660px\" \/><\/a>\n\t\t\t<\/div><\/figure><figure class='gallery-item'>\n\t\t\t<div class='gallery-icon landscape'>\n\t\t\t\t<a href='https:\/\/archive.sana.sy\/es\/wp-content\/uploads\/2025\/04\/photo_2025-04-10_14-16-43.jpg'><img loading=\"lazy\" decoding=\"async\" width=\"660\" height=\"440\" src=\"https:\/\/archive.sana.sy\/es\/wp-content\/uploads\/2025\/04\/photo_2025-04-10_14-16-43.jpg\" class=\"attachment-full size-full\" alt=\"\" srcset=\"https:\/\/archive.sana.sy\/es\/wp-content\/uploads\/2025\/04\/photo_2025-04-10_14-16-43.jpg 660w, https:\/\/archive.sana.sy\/es\/wp-content\/uploads\/2025\/04\/photo_2025-04-10_14-16-43-300x200.jpg 300w, https:\/\/archive.sana.sy\/es\/wp-content\/uploads\/2025\/04\/photo_2025-04-10_14-16-43-150x100.jpg 150w\" sizes=\"(max-width: 660px) 100vw, 660px\" \/><\/a>\n\t\t\t<\/div><\/figure><figure class='gallery-item'>\n\t\t\t<div class='gallery-icon landscape'>\n\t\t\t\t<a href='https:\/\/archive.sana.sy\/es\/wp-content\/uploads\/2025\/04\/photo_2025-04-10_14-16-44-2-1.jpg'><img loading=\"lazy\" decoding=\"async\" width=\"660\" height=\"440\" src=\"https:\/\/archive.sana.sy\/es\/wp-content\/uploads\/2025\/04\/photo_2025-04-10_14-16-44-2-1.jpg\" class=\"attachment-full size-full\" alt=\"\" srcset=\"https:\/\/archive.sana.sy\/es\/wp-content\/uploads\/2025\/04\/photo_2025-04-10_14-16-44-2-1.jpg 660w, https:\/\/archive.sana.sy\/es\/wp-content\/uploads\/2025\/04\/photo_2025-04-10_14-16-44-2-1-300x200.jpg 300w, https:\/\/archive.sana.sy\/es\/wp-content\/uploads\/2025\/04\/photo_2025-04-10_14-16-44-2-1-150x100.jpg 150w\" sizes=\"(max-width: 660px) 100vw, 660px\" \/><\/a>\n\t\t\t<\/div><\/figure>\n\t\t<\/div>\n\n<p>&nbsp;<\/p>\n","protected":false},"excerpt":{"rendered":"<p>Hama, 14 abr (SANA) En el marco de la cooperaci\u00f3n conjunta entre el Ministerio de Educaci\u00f3n y la organizaci\u00f3n \u201cMisericordia Sin Fronteras\u201d, iniciaron los trabajos de rehabilitaci\u00f3n de nueve escuelas en la ciudad de Hama, cabecera de la provincia del mismo nombre. El director provincial de Educaci\u00f3n, Ahmed Al-Madloush, explic\u00f3 a SANA que los trabajos &hellip;<\/p>\n","protected":false},"author":42,"featured_media":350722,"comment_status":"closed","ping_status":"closed","sticky":false,"template":"","format":"standard","meta":{"footnotes":""},"categories":[597,20724,476,16688,7541],"tags":[],"class_list":["post-350718","post","type-post","status-publish","format-standard","has-post-thumbnail","","category-cinta-de-noticias","category-minuto-a-minuto","category-locales","category-nacionales","category-ultimas-noticias"],"_links":{"self":[{"href":"https:\/\/archive.sana.sy\/es\/index.php?rest_route=\/wp\/v2\/posts\/350718"}],"collection":[{"href":"https:\/\/archive.sana.sy\/es\/index.php?rest_route=\/wp\/v2\/posts"}],"about":[{"href":"https:\/\/archive.sana.sy\/es\/index.php?rest_route=\/wp\/v2\/types\/post"}],"author":[{"embeddable":true,"href":"https:\/\/archive.sana.sy\/es\/index.php?rest_route=\/wp\/v2\/users\/42"}],"replies":[{"embeddable":true,"href":"https:\/\/archive.sana.sy\/es\/index.php?rest_route=%2Fwp%2Fv2%2Fcomments&post=350718"}],"version-history":[{"count":1,"href":"https:\/\/archive.sana.sy\/es\/index.php?rest_route=\/wp\/v2\/posts\/350718\/revisions"}],"predecessor-version":[{"id":350723,"href":"https:\/\/archive.sana.sy\/es\/index.php?rest_route=\/wp\/v2\/posts\/350718\/revisions\/350723"}],"wp:featuredmedia":[{"embeddable":true,"href":"https:\/\/archive.sana.sy\/es\/index.php?rest_route=\/wp\/v2\/media\/350722"}],"wp:attachment":[{"href":"https:\/\/archive.sana.sy\/es\/index.php?rest_route=%2Fwp%2Fv2%2Fmedia&parent=350718"}],"wp:term":[{"taxonomy":"category","embeddable":true,"href":"https:\/\/archive.sana.sy\/es\/index.php?rest_route=%2Fwp%2Fv2%2Fcategories&post=350718"},{"taxonomy":"post_tag","embeddable":true,"href":"https:\/\/archive.sana.sy\/es\/index.php?rest_route=%2Fwp%2Fv2%2Ftags&post=350718"}],"curies":[{"name":"wp","href":"https:\/\/api.w.org\/{rel}","templated":true}]}}