{"id":350724,"date":"2025-04-14T11:13:20","date_gmt":"2025-04-14T08:13:20","guid":{"rendered":"https:\/\/sana.sy\/es\/?p=350724"},"modified":"2025-04-14T11:13:20","modified_gmt":"2025-04-14T08:13:20","slug":"el-sepulturero-revela-su-verdadera-identidad","status":"publish","type":"post","link":"https:\/\/archive.sana.sy\/es\/?p=350724","title":{"rendered":"\u201cEl Sepulturero\u201d revela su verdadera identidad"},"content":{"rendered":"<p style=\"text-align: justify;\"><span style=\"color: #800000;\"><strong>\u00a0Damasco, 14 abr (SANA)<\/strong><\/span> \u201cEl Sepulturero\u201d, quien ofreci\u00f3 su testimonio ante el Congreso de Estados Unidos, revel\u00f3 por primera vez su identidad, con el nombre Mohammad Afif Naifeh.<\/p>\n<p style=\"text-align: justify;\">Naifeh aparici\u00f3 durante una conferencia \u00e1rabe celebrada en la Universidad de Harvard en Estados Unidos, diciendo que \u00e9l reside en Damasco y era el responsable de enterrar las v\u00edctimas de tortura en fosas comunes entre 2011 y 2018, antes de que finalmente lograra salir de Siria.<\/p>\n<p style=\"text-align: justify;\">Dijo que estos cr\u00edmenes incluyeron el enterramiento de miles de cad\u00e1veres en fosas comunes, incluyendo a ni\u00f1os torturados hasta la muerte.<\/p>\n<p style=\"text-align: justify;\">Naifeh exigi\u00f3 el levantamiento de las sanciones econ\u00f3micas impuestas a Siria tras sus testimonios, y dijo que en la actualidad y tras el derrocamiento del depuesto r\u00e9gimen, el pueblo sirio sigue sufriendo estas sanciones.<\/p>\n<p style=\"text-align: justify;\">Tambi\u00e9n enfatiz\u00f3 la necesidad de llevar ante la justicia a todos los autores de cr\u00edmenes cometidos contra la poblaci\u00f3n siria.<\/p>\n<p style=\"text-align: justify;\">En sus testimonios ante el Congreso y los tribunales estadounidenses, Naifeh hab\u00eda hablado de que los camiones sal\u00edan dos veces por semana desde los cuarteles de las fuerzas de seguridad y de los hospitales militares, cada uno cargado entre 300 y 600 cad\u00e1veres de personas torturadas hasta la muerte, incluidos ni\u00f1os, para ser enterrados en fosas comunes.<\/p>\n<p style=\"text-align: justify;\">Los testimonios del &#8220;Sepulturero&#8221; y las miles de fotos filtradas por el &#8220;C\u00e9sar&#8221;, jefe de la oficina de documentaci\u00f3n forense de la Polic\u00eda Militar de Damasco, mostraron al mundo entero las trocidades del depuesto r\u00e9gimen contra los sirios.<\/p>\n","protected":false},"excerpt":{"rendered":"<p>\u00a0Damasco, 14 abr (SANA) \u201cEl Sepulturero\u201d, quien ofreci\u00f3 su testimonio ante el Congreso de Estados Unidos, revel\u00f3 por primera vez su identidad, con el nombre Mohammad Afif Naifeh. Naifeh aparici\u00f3 durante una conferencia \u00e1rabe celebrada en la Universidad de Harvard en Estados Unidos, diciendo que \u00e9l reside en Damasco y era el responsable de enterrar &hellip;<\/p>\n","protected":false},"author":32,"featured_media":350726,"comment_status":"closed","ping_status":"closed","sticky":false,"template":"","format":"standard","meta":{"footnotes":""},"categories":[477,597,20724,476,7541],"tags":[],"class_list":["post-350724","post","type-post","status-publish","format-standard","has-post-thumbnail","","category-noticias-edulcorantes","category-cinta-de-noticias","category-minuto-a-minuto","category-locales","category-ultimas-noticias"],"_links":{"self":[{"href":"https:\/\/archive.sana.sy\/es\/index.php?rest_route=\/wp\/v2\/posts\/350724"}],"collection":[{"href":"https:\/\/archive.sana.sy\/es\/index.php?rest_route=\/wp\/v2\/posts"}],"about":[{"href":"https:\/\/archive.sana.sy\/es\/index.php?rest_route=\/wp\/v2\/types\/post"}],"author":[{"embeddable":true,"href":"https:\/\/archive.sana.sy\/es\/index.php?rest_route=\/wp\/v2\/users\/32"}],"replies":[{"embeddable":true,"href":"https:\/\/archive.sana.sy\/es\/index.php?rest_route=%2Fwp%2Fv2%2Fcomments&post=350724"}],"version-history":[{"count":1,"href":"https:\/\/archive.sana.sy\/es\/index.php?rest_route=\/wp\/v2\/posts\/350724\/revisions"}],"predecessor-version":[{"id":350727,"href":"https:\/\/archive.sana.sy\/es\/index.php?rest_route=\/wp\/v2\/posts\/350724\/revisions\/350727"}],"wp:featuredmedia":[{"embeddable":true,"href":"https:\/\/archive.sana.sy\/es\/index.php?rest_route=\/wp\/v2\/media\/350726"}],"wp:attachment":[{"href":"https:\/\/archive.sana.sy\/es\/index.php?rest_route=%2Fwp%2Fv2%2Fmedia&parent=350724"}],"wp:term":[{"taxonomy":"category","embeddable":true,"href":"https:\/\/archive.sana.sy\/es\/index.php?rest_route=%2Fwp%2Fv2%2Fcategories&post=350724"},{"taxonomy":"post_tag","embeddable":true,"href":"https:\/\/archive.sana.sy\/es\/index.php?rest_route=%2Fwp%2Fv2%2Ftags&post=350724"}],"curies":[{"name":"wp","href":"https:\/\/api.w.org\/{rel}","templated":true}]}}