{"id":35074,"date":"2015-12-12T21:30:45","date_gmt":"2015-12-12T19:30:45","guid":{"rendered":"http:\/\/sana.sy\/es\/?p=35074"},"modified":"2015-12-12T21:38:15","modified_gmt":"2015-12-12T19:38:15","slug":"manifestaciones-en-irak-para-exigir-la-retirada-de-las-tropas-turcas","status":"publish","type":"post","link":"https:\/\/archive.sana.sy\/es\/?p=35074","title":{"rendered":"Manifestaciones en Irak para exigir la retirada de las tropas turcas"},"content":{"rendered":"<p style=\"text-align: justify\"><span style=\"color: #800000\">Bagdad, SANA<\/span>&#8211; Miles de iraqu\u00edes han salido este s\u00e1bado a las calles de ciudades como Bagdad o Basora para protestar por la presencia de militares turcos en las inmediaciones de la ciudad de Mosul, que se encuentra bajo poder del Estado Isl\u00e1mico. En la plaza Tahrir de Bagdad unas 4.000 personas han gritado frases como &#8220;Muerte a Turqu\u00eda. Muerte a Erdogan&#8221;, en referencia al presidente turco. Miles m\u00e1s se han concentrado en Basora.<\/p>\n<p style=\"text-align: justify\">&#8220;Consideramos que cualquier presencia militar en tierra iraqu\u00ed es una agresi\u00f3n extranjera a la que deber\u00edamos plantar cara empleando todos los medios posibles&#8221;, ha argumentado un diputado iraqu\u00ed, Hadi al Amiri, quien lidera la Organizaci\u00f3n Badr.<\/p>\n<p style=\"text-align: justify\">Durante las marchas se han coreado consignas contra Turqu\u00eda y quemado banderas del pa\u00eds vecino e incluso algunos participantes han amenazado con atacar a los soldados turcos en represalia por lo que consideran una violaci\u00f3n de la soberan\u00eda iraqu\u00ed. Las marchas est\u00e1n convocadas por grupos armados chi\u00edes, que han amenazado ya con emplear la fuerza contra Turqu\u00eda a menos que retire a sus militares.<\/p>\n<p style=\"text-align: justify\">En este sentido, el viernes, Irak denunci\u00f3 a Turqu\u00eda ante el Consejo de Seguridad de las Naciones Unidas (CSNU) por el despliegue de sus tropas en el territorio iraqu\u00ed.<\/p>\n<p style=\"text-align: justify\">Adem\u00e1s, el premier iraqu\u00ed pidi\u00f3 a la Organizaci\u00f3n del Tratado Atl\u00e1ntico del Norte (OTAN) presionar a Turqu\u00eda para que retire sus tropas de Irak.<\/p>\n<p>M.Miri<\/p>\n","protected":false},"excerpt":{"rendered":"<p>Bagdad, SANA&#8211; Miles de iraqu\u00edes han salido este s\u00e1bado a las calles de ciudades como Bagdad o Basora para protestar por la presencia de militares turcos en las inmediaciones de la ciudad de Mosul, que se encuentra bajo poder del Estado Isl\u00e1mico. En la plaza Tahrir de Bagdad unas 4.000 personas han gritado frases como &hellip;<\/p>\n","protected":false},"author":1,"featured_media":35077,"comment_status":"closed","ping_status":"closed","sticky":false,"template":"","format":"standard","meta":{"footnotes":""},"categories":[456,457],"tags":[7579],"class_list":["post-35074","post","type-post","status-publish","format-standard","has-post-thumbnail","","category-arabe-internacional-politica","category-noticias-arabe-internacional-politica","tag-manifestaciones-en-irak-para-exigir-la-retirada-de-las-tropas-turcas"],"_links":{"self":[{"href":"https:\/\/archive.sana.sy\/es\/index.php?rest_route=\/wp\/v2\/posts\/35074"}],"collection":[{"href":"https:\/\/archive.sana.sy\/es\/index.php?rest_route=\/wp\/v2\/posts"}],"about":[{"href":"https:\/\/archive.sana.sy\/es\/index.php?rest_route=\/wp\/v2\/types\/post"}],"author":[{"embeddable":true,"href":"https:\/\/archive.sana.sy\/es\/index.php?rest_route=\/wp\/v2\/users\/1"}],"replies":[{"embeddable":true,"href":"https:\/\/archive.sana.sy\/es\/index.php?rest_route=%2Fwp%2Fv2%2Fcomments&post=35074"}],"version-history":[{"count":0,"href":"https:\/\/archive.sana.sy\/es\/index.php?rest_route=\/wp\/v2\/posts\/35074\/revisions"}],"wp:featuredmedia":[{"embeddable":true,"href":"https:\/\/archive.sana.sy\/es\/index.php?rest_route=\/wp\/v2\/media\/35077"}],"wp:attachment":[{"href":"https:\/\/archive.sana.sy\/es\/index.php?rest_route=%2Fwp%2Fv2%2Fmedia&parent=35074"}],"wp:term":[{"taxonomy":"category","embeddable":true,"href":"https:\/\/archive.sana.sy\/es\/index.php?rest_route=%2Fwp%2Fv2%2Fcategories&post=35074"},{"taxonomy":"post_tag","embeddable":true,"href":"https:\/\/archive.sana.sy\/es\/index.php?rest_route=%2Fwp%2Fv2%2Ftags&post=35074"}],"curies":[{"name":"wp","href":"https:\/\/api.w.org\/{rel}","templated":true}]}}