{"id":35079,"date":"2015-12-13T11:23:57","date_gmt":"2015-12-13T09:23:57","guid":{"rendered":"http:\/\/sana.sy\/es\/?p=35079"},"modified":"2023-01-10T15:35:13","modified_gmt":"2023-01-10T13:35:13","slug":"principales-titulares-de-la-prensa-siria-publicada-este-domingo","status":"publish","type":"post","link":"https:\/\/archive.sana.sy\/es\/?p=35079","title":{"rendered":"Principales titulares de la prensa siria publicada este domingo \u00a0"},"content":{"rendered":"<div><\/div>\n<div><span lang=\"ES-TRAD\">Damasco, SANA<\/span><\/div>\n<div><span lang=\"ES-TRAD\">\u00a0<\/span><\/div>\n<div><b><span lang=\"ES-TRAD\">Los principales diarios sirios destacaron los siguientes titulares:<\/span><\/b><\/div>\n<div><span lang=\"ES-TRAD\">\u00a0<\/span><\/div>\n<div><span lang=\"ES-TRAD\">=<\/span> <span lang=\"ES-TRAD\">Ej\u00e9rcito recupera un monte estrat\u00e9gico en el campo norte de Latakia.<\/span><\/div>\n<div><span lang=\"ES-TRAD\">\u00a0<\/span><\/div>\n<div><span lang=\"ES-TRAD\">= <\/span><span lang=\"ES-TRAD\">Fuerzas Armadas contin\u00faan sus avances en sus operativos contra las bandas terroristas.<\/span><\/div>\n<div><span lang=\"ES-TRAD\">\u00a0<\/span><\/div>\n<div><span lang=\"ES-TRAD\">= <\/span><span lang=\"ES-TRAD\">Ej\u00e9rcito recupera cinco nuevas localidades en el campo sur de la provincia de Alepo.<\/span><\/div>\n<div><span lang=\"ES-TRAD\">\u00a0<\/span><\/div>\n<div><span lang=\"ES-TRAD\">= <\/span><span lang=\"ES-TRAD\">El llamado &#8220;Frente Levantino&#8221; reconoce la muerte de varios de sus terroristas, entre ellos &#8220;el comandante de su fuerza principal&#8221;, Ahmad Khairul.<\/span><\/div>\n<div><span lang=\"ES-TRAD\">\u00a0<\/span><\/div>\n<div><span lang=\"ES-TRAD\">= <\/span><span lang=\"ES-TRAD\">Al menos 20 muertos y 130 heridos en un atentado terrorista con cami\u00f3n bomba en la ciudad de Homs.<\/span><\/div>\n<div><span lang=\"ES-TRAD\">\u00a0<\/span><\/div>\n<div><span lang=\"ES-TRAD\">= <\/span><span lang=\"ES-TRAD\">Terroristas disparan proyectiles de mortero contra la ciudad de Damasco, dejando varios heridos y da\u00f1os materiales.<\/span><\/div>\n<div><span lang=\"ES-TRAD\">\u00a0<\/span><\/div>\n<div><span lang=\"ES-TRAD\">= <\/span><span lang=\"ES-TRAD\">Muere un segundo polic\u00eda espa\u00f1ol en el atentado contra la embajada de Espa\u00f1a en Kabul.<\/span><\/div>\n<div><span lang=\"ES-TRAD\">\u00a0<\/span><\/div>\n<div><span lang=\"ES-TRAD\">= <\/span><span lang=\"ES-TRAD\">Bagdad presenta queja formal ante el CS tras incursi\u00f3n de tropas turcas en Irak.<\/span><\/div>\n<div><span lang=\"ES-TRAD\">\u00a0<\/span><\/div>\n<div><span lang=\"ES-TRAD\">= <\/span><span lang=\"ES-TRAD\">Gatilov asegura que Rusia apoya esfuerzos de Mistura para resolver la crisis en Siria.<\/span><\/div>\n<div><span lang=\"ES-TRAD\">\u00a0<\/span><\/div>\n<div><span lang=\"ES-TRAD\">= <\/span><span lang=\"ES-TRAD\">Ministro de Informaci\u00f3n afirma que ni Arabia Saudita ni el Consejo de Cooperaci\u00f3n del Golfo pueden lanzar advertencias a Siria.<\/span><\/div>\n<div><span lang=\"ES-TRAD\">\u00a0<\/span><\/div>\n<div><span lang=\"ES-TRAD\">= <\/span><span lang=\"ES-TRAD\">Autoridades competentes se incautan un autom\u00f3vil que contiene cantidades de explosivos y detonadores antes de entrar en la ciudad costera de Yabla.<\/span><\/div>\n<div><span lang=\"ES-TRAD\">\u00a0<\/span><\/div>\n<div><span lang=\"ES-TRAD\">= <\/span><span lang=\"ES-TRAD\">Fuerz<\/span><span lang=\"ES-TRAD\">a<\/span><span lang=\"ES-TRAD\"> A\u00e9rea siria realiza en las \u00faltimas 24 horas ataques contra posiciones de los terroristas del Estado Isl\u00e1mico en el campo sureste de Homs.<\/span><\/div>\n<div><span lang=\"ES-TRAD\">\u00a0<\/span><\/div>\n<div><span lang=\"ES-TRAD\">= <\/span><span lang=\"ES-TRAD\">Cazas sirios infligen colosales bajas entre las filas del Frente al-Nousra y de\u00a0 \u201cYund al-Aqsa\u201d en Hama.<\/span><\/div>\n<div><span lang=\"ES-TRAD\">\u00a0<\/span><\/div>\n<div><span lang=\"ES-TRAD\">= <\/span><span lang=\"ES-TRAD\">Unidades militares inician operaci\u00f3n militar contra posiciones del Frente al-Nousra) en la aldea de al-Yaduda en la provincia de Deraa.<\/span><\/div>\n<div><span lang=\"ES-TRAD\">\u00a0<\/span><\/div>\n<div><span lang=\"ES-TRAD\">= <\/span><span lang=\"ES-TRAD\">Siria denuncia ante las Naciones Unidas atentados de terroristas contra las ciudades de Hassakeh y Homs.<\/span><\/div>\n<div><span lang=\"ES-TRAD\">\u00a0<\/span><\/div>\n<div><span lang=\"ES-TRAD\">= <\/span><span lang=\"ES-TRAD\">Mosc\u00fa opina que los opositores reunidos en Riad no deben hablar en nombre de toda la oposici\u00f3n siria.<\/span><\/div>\n<div><span lang=\"ES-TRAD\">\u00a0<\/span><\/div>\n<div><span lang=\"ES-TRAD\">= <\/span><span lang=\"ES-TRAD\">El gabinete sirio condena en los t\u00e9rminos m\u00e1s fuertes, el atentado terrorista contra ciudad de Homs.<\/span><\/div>\n<div><span lang=\"ES-TRAD\">\u00a0<\/span><\/div>\n<div><span lang=\"ES-TRAD\">= <\/span><span lang=\"ES-TRAD\">Manifestaciones en Irak para exigir la retirada de las tropas turcas.<\/span><\/div>\n<div><span lang=\"ES-TRAD\">\u00a0<\/span><\/div>\n<div><span lang=\"ES-TRAD\">= Graduado un nuevo grupo de fuerzas de autodefensa de las provincias de Damasco-campo y Quneitra.<\/span><\/div>\n<div><span lang=\"ES-TRAD\">\u00a0<\/span><\/div>\n<div><span lang=\"ES-TRAD\">= Fuerzas de seguridad libanesas arrestan a uno de los terroristas implicados en atentados.<\/span><\/div>\n<div><span lang=\"ES-TRAD\">\u00a0<\/span><\/div>\n<div><span lang=\"ES-TRAD\">= Fuerzas yemen\u00edes derriban un avi\u00f3n esp\u00eda saud\u00ed cerca de San\u00e1.<\/span><\/div>\n<div><span lang=\"ES-TRAD\">\u00a0<\/span><\/div>\n<div><span lang=\"ES-TRAD\">= Hombre armado ataca sede del diario opositor H\u00fcrriyet en la capital turca Ankara.<\/span><\/div>\n<div><span lang=\"ES-TRAD\">\u00a0<\/span><\/div>\n<div><span lang=\"ES-TRAD\">= Lavrov tacha de &#8220;incursi\u00f3n ilegal&#8221; el despliegue de tropas turcas en Irak.<\/span><\/div>\n<div><span lang=\"ES-TRAD\">\u00a0<\/span><\/div>\n<div><span lang=\"ES-TRAD\">= Explosi\u00f3n en frontera iraqu\u00ed-saud\u00ed deja 6 militares muertos y 12 heridos.<\/span><\/div>\n<div><span lang=\"ES-TRAD\">\u00a0<\/span><\/div>\n<div><span lang=\"ES-TRAD\">= Ej\u00e9rcito yemen\u00ed anuncia inicio de tregua en Yemen a partir de 14 de diciembre.<\/span><\/div>\n<div><span lang=\"ES-TRAD\">\u00a0<\/span><\/div>\n<div><span lang=\"ES-TRAD\">= Mujeres saud\u00edes participan por primera vez en elecciones municipales.<\/span><\/div>\n<div><span lang=\"ES-TRAD\">\u00a0<\/span><\/div>\n<div><span lang=\"ES-TRAD\">= Fuerzas yemen\u00edes disparan un misil contra un buque saud\u00ed cerca de Taiz.<\/span><\/div>\n<div class=\"yj6qo ajU\">\n<div id=\":mz\" class=\"ajR\"><img decoding=\"async\" class=\"ajT\" src=\"https:\/\/ssl.gstatic.com\/ui\/v1\/icons\/mail\/images\/cleardot.gif\" alt=\"\" \/><\/div>\n<\/div>\n","protected":false},"excerpt":{"rendered":"<p>Damasco, SANA \u00a0 Los principales diarios sirios destacaron los siguientes titulares: \u00a0 = Ej\u00e9rcito recupera un monte estrat\u00e9gico en el campo norte de Latakia. \u00a0 = Fuerzas Armadas contin\u00faan sus avances en sus operativos contra las bandas terroristas. \u00a0 = Ej\u00e9rcito recupera cinco nuevas localidades en el campo sur de la provincia de Alepo. \u00a0 &hellip;<\/p>\n","protected":false},"author":1,"featured_media":6186,"comment_status":"closed","ping_status":"closed","sticky":false,"template":"","format":"standard","meta":{"footnotes":""},"categories":[447,555],"tags":[7580],"class_list":["post-35079","post","type-post","status-publish","format-standard","has-post-thumbnail","","category-local-politica","category-prensa","tag-principales-titulares-de-la-prensa-siria-publicada-este-domingo"],"_links":{"self":[{"href":"https:\/\/archive.sana.sy\/es\/index.php?rest_route=\/wp\/v2\/posts\/35079"}],"collection":[{"href":"https:\/\/archive.sana.sy\/es\/index.php?rest_route=\/wp\/v2\/posts"}],"about":[{"href":"https:\/\/archive.sana.sy\/es\/index.php?rest_route=\/wp\/v2\/types\/post"}],"author":[{"embeddable":true,"href":"https:\/\/archive.sana.sy\/es\/index.php?rest_route=\/wp\/v2\/users\/1"}],"replies":[{"embeddable":true,"href":"https:\/\/archive.sana.sy\/es\/index.php?rest_route=%2Fwp%2Fv2%2Fcomments&post=35079"}],"version-history":[{"count":0,"href":"https:\/\/archive.sana.sy\/es\/index.php?rest_route=\/wp\/v2\/posts\/35079\/revisions"}],"wp:featuredmedia":[{"embeddable":true,"href":"https:\/\/archive.sana.sy\/es\/index.php?rest_route=\/wp\/v2\/media\/6186"}],"wp:attachment":[{"href":"https:\/\/archive.sana.sy\/es\/index.php?rest_route=%2Fwp%2Fv2%2Fmedia&parent=35079"}],"wp:term":[{"taxonomy":"category","embeddable":true,"href":"https:\/\/archive.sana.sy\/es\/index.php?rest_route=%2Fwp%2Fv2%2Fcategories&post=35079"},{"taxonomy":"post_tag","embeddable":true,"href":"https:\/\/archive.sana.sy\/es\/index.php?rest_route=%2Fwp%2Fv2%2Ftags&post=35079"}],"curies":[{"name":"wp","href":"https:\/\/api.w.org\/{rel}","templated":true}]}}