{"id":350791,"date":"2025-04-15T13:49:51","date_gmt":"2025-04-15T10:49:51","guid":{"rendered":"https:\/\/sana.sy\/es\/?p=350791"},"modified":"2025-04-15T13:49:51","modified_gmt":"2025-04-15T10:49:51","slug":"siria-y-libano-abordan-cuestion-de-refugiados-sirios-en-el-libano","status":"publish","type":"post","link":"https:\/\/archive.sana.sy\/es\/?p=350791","title":{"rendered":"Siria y L\u00edbano abordan cuesti\u00f3n de refugiados sirios en el L\u00edbano"},"content":{"rendered":"<p style=\"text-align: justify;\"><span style=\"color: #800000;\">Beirut, 15 abr (SANA)<\/span>\u00a0 \u00a0La ministra de Asuntos Sociales y Trabajo, Hind Qabawat, examin\u00f3 hoy la cuesti\u00f3n de los refugiados sirios en el L\u00edbano con su hom\u00f3loga del L\u00edbano, Hanin Al-Sayed.<\/p>\n<p style=\"text-align: justify;\">Durante la reuni\u00f3n celebrada en el marco de la Conferencia de la CESPAO celebrada en Beirut, capital del L\u00edbano, las dos partes abordaron mecanismos para el intercambio de conocimientos especializados y una mayor coordinaci\u00f3n conjunta.<\/p>\n","protected":false},"excerpt":{"rendered":"<p>Beirut, 15 abr (SANA)\u00a0 \u00a0La ministra de Asuntos Sociales y Trabajo, Hind Qabawat, examin\u00f3 hoy la cuesti\u00f3n de los refugiados sirios en el L\u00edbano con su hom\u00f3loga del L\u00edbano, Hanin Al-Sayed. Durante la reuni\u00f3n celebrada en el marco de la Conferencia de la CESPAO celebrada en Beirut, capital del L\u00edbano, las dos partes abordaron mecanismos &hellip;<\/p>\n","protected":false},"author":32,"featured_media":350792,"comment_status":"closed","ping_status":"closed","sticky":false,"template":"","format":"standard","meta":{"footnotes":""},"categories":[597,20724,467,7541],"tags":[],"class_list":["post-350791","post","type-post","status-publish","format-standard","has-post-thumbnail","","category-cinta-de-noticias","category-minuto-a-minuto","category-siria-y-el-mundo","category-ultimas-noticias"],"_links":{"self":[{"href":"https:\/\/archive.sana.sy\/es\/index.php?rest_route=\/wp\/v2\/posts\/350791"}],"collection":[{"href":"https:\/\/archive.sana.sy\/es\/index.php?rest_route=\/wp\/v2\/posts"}],"about":[{"href":"https:\/\/archive.sana.sy\/es\/index.php?rest_route=\/wp\/v2\/types\/post"}],"author":[{"embeddable":true,"href":"https:\/\/archive.sana.sy\/es\/index.php?rest_route=\/wp\/v2\/users\/32"}],"replies":[{"embeddable":true,"href":"https:\/\/archive.sana.sy\/es\/index.php?rest_route=%2Fwp%2Fv2%2Fcomments&post=350791"}],"version-history":[{"count":1,"href":"https:\/\/archive.sana.sy\/es\/index.php?rest_route=\/wp\/v2\/posts\/350791\/revisions"}],"predecessor-version":[{"id":350793,"href":"https:\/\/archive.sana.sy\/es\/index.php?rest_route=\/wp\/v2\/posts\/350791\/revisions\/350793"}],"wp:featuredmedia":[{"embeddable":true,"href":"https:\/\/archive.sana.sy\/es\/index.php?rest_route=\/wp\/v2\/media\/350792"}],"wp:attachment":[{"href":"https:\/\/archive.sana.sy\/es\/index.php?rest_route=%2Fwp%2Fv2%2Fmedia&parent=350791"}],"wp:term":[{"taxonomy":"category","embeddable":true,"href":"https:\/\/archive.sana.sy\/es\/index.php?rest_route=%2Fwp%2Fv2%2Fcategories&post=350791"},{"taxonomy":"post_tag","embeddable":true,"href":"https:\/\/archive.sana.sy\/es\/index.php?rest_route=%2Fwp%2Fv2%2Ftags&post=350791"}],"curies":[{"name":"wp","href":"https:\/\/api.w.org\/{rel}","templated":true}]}}