{"id":350856,"date":"2025-04-15T19:42:28","date_gmt":"2025-04-15T16:42:28","guid":{"rendered":"https:\/\/sana.sy\/es\/?p=350856"},"modified":"2025-04-15T19:44:30","modified_gmt":"2025-04-15T16:44:30","slug":"jefe-del-estado-mayor-de-siria-se-reune-con-el-director-de-la-oficina-de-cooperacion-y-coordinacion-del-ejercito-libanes","status":"publish","type":"post","link":"https:\/\/archive.sana.sy\/es\/?p=350856","title":{"rendered":"Jefe del Estado Mayor se re\u00fane con el Director de la Oficina de Cooperaci\u00f3n y Coordinaci\u00f3n del ej\u00e9rcito liban\u00e9s"},"content":{"rendered":"<p style=\"text-align: justify\"><span style=\"color: #800000\"><strong>Damasco, 15 abr (SANA)<\/strong><\/span> El Jefe del Estado Mayor, Ali Al-Naasan, recibi\u00f3 al director de la Oficina de Cooperaci\u00f3n y Coordinaci\u00f3n del ej\u00e9rcito liban\u00e9s, Michel Boutros.<\/p>\n<p style=\"text-align: justify\">Ambas partes abordaron las v\u00eda de mejorar la coordinaci\u00f3n militar y desarrollar mecanismos de acci\u00f3n conjunta entre los dos pa\u00edses hermanos.<\/p>\n<p style=\"text-align: justify\">Cabe destacar que este encuentro forma parte de una serie de reuniones en curso entre las dos partes.<\/p>\n<div id='gallery-1' class='gallery galleryid-350856 gallery-columns-1 gallery-size-large'><figure class='gallery-item'>\n\t\t\t<div class='gallery-icon landscape'>\n\t\t\t\t<a href='https:\/\/archive.sana.sy\/es\/wp-content\/uploads\/2025\/04\/El-presidente-Al-Shara-con-el-jeque-Tamim-en-el-Amiri-Diwan-de-Qatar-3.jpg'><img loading=\"lazy\" decoding=\"async\" width=\"618\" height=\"412\" src=\"https:\/\/archive.sana.sy\/es\/wp-content\/uploads\/2025\/04\/El-presidente-Al-Shara-con-el-jeque-Tamim-en-el-Amiri-Diwan-de-Qatar-3-1024x682.jpg\" class=\"attachment-large size-large\" alt=\"\" srcset=\"https:\/\/archive.sana.sy\/es\/wp-content\/uploads\/2025\/04\/El-presidente-Al-Shara-con-el-jeque-Tamim-en-el-Amiri-Diwan-de-Qatar-3-1024x682.jpg 1024w, https:\/\/archive.sana.sy\/es\/wp-content\/uploads\/2025\/04\/El-presidente-Al-Shara-con-el-jeque-Tamim-en-el-Amiri-Diwan-de-Qatar-3-300x200.jpg 300w, https:\/\/archive.sana.sy\/es\/wp-content\/uploads\/2025\/04\/El-presidente-Al-Shara-con-el-jeque-Tamim-en-el-Amiri-Diwan-de-Qatar-3-150x100.jpg 150w, https:\/\/archive.sana.sy\/es\/wp-content\/uploads\/2025\/04\/El-presidente-Al-Shara-con-el-jeque-Tamim-en-el-Amiri-Diwan-de-Qatar-3-768x512.jpg 768w, https:\/\/archive.sana.sy\/es\/wp-content\/uploads\/2025\/04\/El-presidente-Al-Shara-con-el-jeque-Tamim-en-el-Amiri-Diwan-de-Qatar-3.jpg 1280w\" sizes=\"(max-width: 618px) 100vw, 618px\" \/><\/a>\n\t\t\t<\/div><\/figure><figure class='gallery-item'>\n\t\t\t<div class='gallery-icon landscape'>\n\t\t\t\t<a href='https:\/\/archive.sana.sy\/es\/wp-content\/uploads\/2025\/04\/Jefe-del-Estado-Mayor-con-el-Oficial-de-Enlace-del-Ejercito-libanes-2.jpg'><img loading=\"lazy\" decoding=\"async\" width=\"618\" height=\"412\" src=\"https:\/\/archive.sana.sy\/es\/wp-content\/uploads\/2025\/04\/Jefe-del-Estado-Mayor-con-el-Oficial-de-Enlace-del-Ejercito-libanes-2-1024x682.jpg\" class=\"attachment-large size-large\" alt=\"\" srcset=\"https:\/\/archive.sana.sy\/es\/wp-content\/uploads\/2025\/04\/Jefe-del-Estado-Mayor-con-el-Oficial-de-Enlace-del-Ejercito-libanes-2-1024x682.jpg 1024w, https:\/\/archive.sana.sy\/es\/wp-content\/uploads\/2025\/04\/Jefe-del-Estado-Mayor-con-el-Oficial-de-Enlace-del-Ejercito-libanes-2-300x200.jpg 300w, https:\/\/archive.sana.sy\/es\/wp-content\/uploads\/2025\/04\/Jefe-del-Estado-Mayor-con-el-Oficial-de-Enlace-del-Ejercito-libanes-2-150x100.jpg 150w, https:\/\/archive.sana.sy\/es\/wp-content\/uploads\/2025\/04\/Jefe-del-Estado-Mayor-con-el-Oficial-de-Enlace-del-Ejercito-libanes-2-768x512.jpg 768w, https:\/\/archive.sana.sy\/es\/wp-content\/uploads\/2025\/04\/Jefe-del-Estado-Mayor-con-el-Oficial-de-Enlace-del-Ejercito-libanes-2.jpg 1280w\" sizes=\"(max-width: 618px) 100vw, 618px\" \/><\/a>\n\t\t\t<\/div><\/figure><figure class='gallery-item'>\n\t\t\t<div class='gallery-icon landscape'>\n\t\t\t\t<a href='https:\/\/archive.sana.sy\/es\/wp-content\/uploads\/2025\/04\/Jefe-del-Estado-Mayor-con-el-Oficial-de-Enlace-del-Ejercito-libanes-3.jpg'><img loading=\"lazy\" decoding=\"async\" width=\"618\" height=\"412\" src=\"https:\/\/archive.sana.sy\/es\/wp-content\/uploads\/2025\/04\/Jefe-del-Estado-Mayor-con-el-Oficial-de-Enlace-del-Ejercito-libanes-3-1024x682.jpg\" class=\"attachment-large size-large\" alt=\"\" srcset=\"https:\/\/archive.sana.sy\/es\/wp-content\/uploads\/2025\/04\/Jefe-del-Estado-Mayor-con-el-Oficial-de-Enlace-del-Ejercito-libanes-3-1024x682.jpg 1024w, https:\/\/archive.sana.sy\/es\/wp-content\/uploads\/2025\/04\/Jefe-del-Estado-Mayor-con-el-Oficial-de-Enlace-del-Ejercito-libanes-3-300x200.jpg 300w, https:\/\/archive.sana.sy\/es\/wp-content\/uploads\/2025\/04\/Jefe-del-Estado-Mayor-con-el-Oficial-de-Enlace-del-Ejercito-libanes-3-150x100.jpg 150w, https:\/\/archive.sana.sy\/es\/wp-content\/uploads\/2025\/04\/Jefe-del-Estado-Mayor-con-el-Oficial-de-Enlace-del-Ejercito-libanes-3-768x512.jpg 768w, https:\/\/archive.sana.sy\/es\/wp-content\/uploads\/2025\/04\/Jefe-del-Estado-Mayor-con-el-Oficial-de-Enlace-del-Ejercito-libanes-3.jpg 1280w\" sizes=\"(max-width: 618px) 100vw, 618px\" \/><\/a>\n\t\t\t<\/div><\/figure><figure class='gallery-item'>\n\t\t\t<div class='gallery-icon landscape'>\n\t\t\t\t<a href='https:\/\/archive.sana.sy\/es\/wp-content\/uploads\/2025\/04\/El-presidente-Al-Shara-con-el-jeque-Tamim-en-el-Amiri-Diwan-de-Qatar-4.jpg'><img loading=\"lazy\" decoding=\"async\" width=\"618\" height=\"412\" src=\"https:\/\/archive.sana.sy\/es\/wp-content\/uploads\/2025\/04\/El-presidente-Al-Shara-con-el-jeque-Tamim-en-el-Amiri-Diwan-de-Qatar-4-1024x682.jpg\" class=\"attachment-large size-large\" alt=\"\" srcset=\"https:\/\/archive.sana.sy\/es\/wp-content\/uploads\/2025\/04\/El-presidente-Al-Shara-con-el-jeque-Tamim-en-el-Amiri-Diwan-de-Qatar-4-1024x682.jpg 1024w, https:\/\/archive.sana.sy\/es\/wp-content\/uploads\/2025\/04\/El-presidente-Al-Shara-con-el-jeque-Tamim-en-el-Amiri-Diwan-de-Qatar-4-300x200.jpg 300w, https:\/\/archive.sana.sy\/es\/wp-content\/uploads\/2025\/04\/El-presidente-Al-Shara-con-el-jeque-Tamim-en-el-Amiri-Diwan-de-Qatar-4-150x100.jpg 150w, https:\/\/archive.sana.sy\/es\/wp-content\/uploads\/2025\/04\/El-presidente-Al-Shara-con-el-jeque-Tamim-en-el-Amiri-Diwan-de-Qatar-4-768x512.jpg 768w, https:\/\/archive.sana.sy\/es\/wp-content\/uploads\/2025\/04\/El-presidente-Al-Shara-con-el-jeque-Tamim-en-el-Amiri-Diwan-de-Qatar-4.jpg 1280w\" sizes=\"(max-width: 618px) 100vw, 618px\" \/><\/a>\n\t\t\t<\/div><\/figure>\n\t\t<\/div>\n\n","protected":false},"excerpt":{"rendered":"<p>Damasco, 15 abr (SANA) El Jefe del Estado Mayor, Ali Al-Naasan, recibi\u00f3 al director de la Oficina de Cooperaci\u00f3n y Coordinaci\u00f3n del ej\u00e9rcito liban\u00e9s, Michel Boutros. Ambas partes abordaron las v\u00eda de mejorar la coordinaci\u00f3n militar y desarrollar mecanismos de acci\u00f3n conjunta entre los dos pa\u00edses hermanos. Cabe destacar que este encuentro forma parte de &hellip;<\/p>\n","protected":false},"author":24,"featured_media":350857,"comment_status":"closed","ping_status":"closed","sticky":false,"template":"","format":"standard","meta":{"footnotes":""},"categories":[447,597,20724,476,448,467,7541],"tags":[],"class_list":["post-350856","post","type-post","status-publish","format-standard","has-post-thumbnail","","category-local-politica","category-cinta-de-noticias","category-minuto-a-minuto","category-locales","category-noticias","category-siria-y-el-mundo","category-ultimas-noticias"],"_links":{"self":[{"href":"https:\/\/archive.sana.sy\/es\/index.php?rest_route=\/wp\/v2\/posts\/350856"}],"collection":[{"href":"https:\/\/archive.sana.sy\/es\/index.php?rest_route=\/wp\/v2\/posts"}],"about":[{"href":"https:\/\/archive.sana.sy\/es\/index.php?rest_route=\/wp\/v2\/types\/post"}],"author":[{"embeddable":true,"href":"https:\/\/archive.sana.sy\/es\/index.php?rest_route=\/wp\/v2\/users\/24"}],"replies":[{"embeddable":true,"href":"https:\/\/archive.sana.sy\/es\/index.php?rest_route=%2Fwp%2Fv2%2Fcomments&post=350856"}],"version-history":[{"count":2,"href":"https:\/\/archive.sana.sy\/es\/index.php?rest_route=\/wp\/v2\/posts\/350856\/revisions"}],"predecessor-version":[{"id":350863,"href":"https:\/\/archive.sana.sy\/es\/index.php?rest_route=\/wp\/v2\/posts\/350856\/revisions\/350863"}],"wp:featuredmedia":[{"embeddable":true,"href":"https:\/\/archive.sana.sy\/es\/index.php?rest_route=\/wp\/v2\/media\/350857"}],"wp:attachment":[{"href":"https:\/\/archive.sana.sy\/es\/index.php?rest_route=%2Fwp%2Fv2%2Fmedia&parent=350856"}],"wp:term":[{"taxonomy":"category","embeddable":true,"href":"https:\/\/archive.sana.sy\/es\/index.php?rest_route=%2Fwp%2Fv2%2Fcategories&post=350856"},{"taxonomy":"post_tag","embeddable":true,"href":"https:\/\/archive.sana.sy\/es\/index.php?rest_route=%2Fwp%2Fv2%2Ftags&post=350856"}],"curies":[{"name":"wp","href":"https:\/\/api.w.org\/{rel}","templated":true}]}}