{"id":350864,"date":"2025-04-15T19:52:03","date_gmt":"2025-04-15T16:52:03","guid":{"rendered":"https:\/\/sana.sy\/es\/?p=350864"},"modified":"2025-04-15T19:54:44","modified_gmt":"2025-04-15T16:54:44","slug":"ministerio-de-desarrollo-administrativo-anuncia-la-reincorporacion-de-miles-de-ex-empleados-despedidos-por-participar-en-la-revolucion-siria","status":"publish","type":"post","link":"https:\/\/archive.sana.sy\/es\/?p=350864","title":{"rendered":"Anuncian la reincorporaci\u00f3n de miles de exempleados despedidos por el exr\u00e9gimen"},"content":{"rendered":"<p style=\"text-align: justify\"><span style=\"color: #800000\"><strong>Damasco, 15 abr (SANA)<\/strong><\/span> El Ministerio de Desarrollo Administrativo inform\u00f3 sobre la reincorporaci\u00f3n de miles de ex empleados del Ministerio de Educaci\u00f3n, quienes fueron despedidos de forma injustificada por su participaci\u00f3n en la Revoluci\u00f3n siria.<\/p>\n<p style=\"text-align: justify\">En un comunicado oficial, el ministerio public\u00f3 las primeras listas de nombres, tras un proceso de revisi\u00f3n de archivos realizado en colaboraci\u00f3n con el Ministerio de Educaci\u00f3n. Las referidas listas incluyen a un total de 14.646 personas.<\/p>\n<p style=\"text-align: justify\">El Ministerio confirm\u00f3 que continuar\u00e1 coordinando con otros ministerios para abordar casos similares.<\/p>\n","protected":false},"excerpt":{"rendered":"<p>Damasco, 15 abr (SANA) El Ministerio de Desarrollo Administrativo inform\u00f3 sobre la reincorporaci\u00f3n de miles de ex empleados del Ministerio de Educaci\u00f3n, quienes fueron despedidos de forma injustificada por su participaci\u00f3n en la Revoluci\u00f3n siria. En un comunicado oficial, el ministerio public\u00f3 las primeras listas de nombres, tras un proceso de revisi\u00f3n de archivos realizado &hellip;<\/p>\n","protected":false},"author":24,"featured_media":350865,"comment_status":"closed","ping_status":"closed","sticky":false,"template":"","format":"standard","meta":{"footnotes":""},"categories":[447,597,476,448],"tags":[],"class_list":["post-350864","post","type-post","status-publish","format-standard","has-post-thumbnail","","category-local-politica","category-cinta-de-noticias","category-locales","category-noticias"],"_links":{"self":[{"href":"https:\/\/archive.sana.sy\/es\/index.php?rest_route=\/wp\/v2\/posts\/350864"}],"collection":[{"href":"https:\/\/archive.sana.sy\/es\/index.php?rest_route=\/wp\/v2\/posts"}],"about":[{"href":"https:\/\/archive.sana.sy\/es\/index.php?rest_route=\/wp\/v2\/types\/post"}],"author":[{"embeddable":true,"href":"https:\/\/archive.sana.sy\/es\/index.php?rest_route=\/wp\/v2\/users\/24"}],"replies":[{"embeddable":true,"href":"https:\/\/archive.sana.sy\/es\/index.php?rest_route=%2Fwp%2Fv2%2Fcomments&post=350864"}],"version-history":[{"count":4,"href":"https:\/\/archive.sana.sy\/es\/index.php?rest_route=\/wp\/v2\/posts\/350864\/revisions"}],"predecessor-version":[{"id":350869,"href":"https:\/\/archive.sana.sy\/es\/index.php?rest_route=\/wp\/v2\/posts\/350864\/revisions\/350869"}],"wp:featuredmedia":[{"embeddable":true,"href":"https:\/\/archive.sana.sy\/es\/index.php?rest_route=\/wp\/v2\/media\/350865"}],"wp:attachment":[{"href":"https:\/\/archive.sana.sy\/es\/index.php?rest_route=%2Fwp%2Fv2%2Fmedia&parent=350864"}],"wp:term":[{"taxonomy":"category","embeddable":true,"href":"https:\/\/archive.sana.sy\/es\/index.php?rest_route=%2Fwp%2Fv2%2Fcategories&post=350864"},{"taxonomy":"post_tag","embeddable":true,"href":"https:\/\/archive.sana.sy\/es\/index.php?rest_route=%2Fwp%2Fv2%2Ftags&post=350864"}],"curies":[{"name":"wp","href":"https:\/\/api.w.org\/{rel}","templated":true}]}}