{"id":350870,"date":"2025-04-15T20:11:06","date_gmt":"2025-04-15T17:11:06","guid":{"rendered":"https:\/\/sana.sy\/es\/?p=350870"},"modified":"2025-04-15T20:11:56","modified_gmt":"2025-04-15T17:11:56","slug":"siria-y-azerbaiyan-abordan-vias-para-mejorar-la-cooperacion-en-el-campo-mediatico","status":"publish","type":"post","link":"https:\/\/archive.sana.sy\/es\/?p=350870","title":{"rendered":"Siria y Azerbaiy\u00e1n abordan v\u00edas para mejorar la cooperaci\u00f3n en el campo medi\u00e1tico"},"content":{"rendered":"<p style=\"text-align: justify\"><span style=\"color: #800000\"><strong>Damasco, 15 abr (SANA)<\/strong><\/span> El ministro de Informaci\u00f3n, Hamzah Al-Mustada recibi\u00f3 este martes al Encargado de Negocios de la Rep\u00fablica de Azerbaiy\u00e1n en Damasco, \u00a0Elnur Shahh\u00fcseynov.<\/p>\n<p style=\"text-align: justify\">Las dos partes abordaron las perspectivas de cooperaci\u00f3n bilateral en el campo de los medios de comunicaci\u00f3n y las formas de desarrollarlas.<\/p>\n<p><img loading=\"lazy\" decoding=\"async\" class=\"size-large wp-image-350872 aligncenter\" src=\"http:\/\/sana.sy\/es\/wp-content\/uploads\/2025\/04\/ministro-de-Informacion-1-1024x683.jpg\" alt=\"\" width=\"618\" height=\"412\" srcset=\"https:\/\/archive.sana.sy\/es\/wp-content\/uploads\/2025\/04\/ministro-de-Informacion-1-1024x683.jpg 1024w, https:\/\/archive.sana.sy\/es\/wp-content\/uploads\/2025\/04\/ministro-de-Informacion-1-300x200.jpg 300w, https:\/\/archive.sana.sy\/es\/wp-content\/uploads\/2025\/04\/ministro-de-Informacion-1-150x100.jpg 150w, https:\/\/archive.sana.sy\/es\/wp-content\/uploads\/2025\/04\/ministro-de-Informacion-1-768x512.jpg 768w, https:\/\/archive.sana.sy\/es\/wp-content\/uploads\/2025\/04\/ministro-de-Informacion-1-1536x1024.jpg 1536w, https:\/\/archive.sana.sy\/es\/wp-content\/uploads\/2025\/04\/ministro-de-Informacion-1-2048x1366.jpg 2048w\" sizes=\"(max-width: 618px) 100vw, 618px\" \/><\/p>\n","protected":false},"excerpt":{"rendered":"<p>Damasco, 15 abr (SANA) El ministro de Informaci\u00f3n, Hamzah Al-Mustada recibi\u00f3 este martes al Encargado de Negocios de la Rep\u00fablica de Azerbaiy\u00e1n en Damasco, \u00a0Elnur Shahh\u00fcseynov. Las dos partes abordaron las perspectivas de cooperaci\u00f3n bilateral en el campo de los medios de comunicaci\u00f3n y las formas de desarrollarlas.<\/p>\n","protected":false},"author":24,"featured_media":350871,"comment_status":"closed","ping_status":"closed","sticky":false,"template":"","format":"standard","meta":{"footnotes":""},"categories":[597,20724,467,7541],"tags":[],"class_list":["post-350870","post","type-post","status-publish","format-standard","has-post-thumbnail","","category-cinta-de-noticias","category-minuto-a-minuto","category-siria-y-el-mundo","category-ultimas-noticias"],"_links":{"self":[{"href":"https:\/\/archive.sana.sy\/es\/index.php?rest_route=\/wp\/v2\/posts\/350870"}],"collection":[{"href":"https:\/\/archive.sana.sy\/es\/index.php?rest_route=\/wp\/v2\/posts"}],"about":[{"href":"https:\/\/archive.sana.sy\/es\/index.php?rest_route=\/wp\/v2\/types\/post"}],"author":[{"embeddable":true,"href":"https:\/\/archive.sana.sy\/es\/index.php?rest_route=\/wp\/v2\/users\/24"}],"replies":[{"embeddable":true,"href":"https:\/\/archive.sana.sy\/es\/index.php?rest_route=%2Fwp%2Fv2%2Fcomments&post=350870"}],"version-history":[{"count":2,"href":"https:\/\/archive.sana.sy\/es\/index.php?rest_route=\/wp\/v2\/posts\/350870\/revisions"}],"predecessor-version":[{"id":350874,"href":"https:\/\/archive.sana.sy\/es\/index.php?rest_route=\/wp\/v2\/posts\/350870\/revisions\/350874"}],"wp:featuredmedia":[{"embeddable":true,"href":"https:\/\/archive.sana.sy\/es\/index.php?rest_route=\/wp\/v2\/media\/350871"}],"wp:attachment":[{"href":"https:\/\/archive.sana.sy\/es\/index.php?rest_route=%2Fwp%2Fv2%2Fmedia&parent=350870"}],"wp:term":[{"taxonomy":"category","embeddable":true,"href":"https:\/\/archive.sana.sy\/es\/index.php?rest_route=%2Fwp%2Fv2%2Fcategories&post=350870"},{"taxonomy":"post_tag","embeddable":true,"href":"https:\/\/archive.sana.sy\/es\/index.php?rest_route=%2Fwp%2Fv2%2Ftags&post=350870"}],"curies":[{"name":"wp","href":"https:\/\/api.w.org\/{rel}","templated":true}]}}