{"id":350878,"date":"2025-04-16T08:55:39","date_gmt":"2025-04-16T05:55:39","guid":{"rendered":"https:\/\/sana.sy\/es\/?p=350878"},"modified":"2025-04-16T08:55:39","modified_gmt":"2025-04-16T05:55:39","slug":"ministro-turco-de-comercio-visita-siria","status":"publish","type":"post","link":"https:\/\/archive.sana.sy\/es\/?p=350878","title":{"rendered":"Ministro turco de Comercio visita Siria"},"content":{"rendered":"<p style=\"text-align: justify;\"><span style=\"color: #800000;\"><strong>Ankara, 16 abr (SANA)<\/strong> <\/span>El ministro de Comercio turco, \u00d6mer Bolat, inicia hoy una visita a Siria, acompa\u00f1ado por una delegaci\u00f3n de empresarios y jefes de c\u00e1maras y sindicatos turcos, donde mantendr\u00e1 conversaciones para dearrollar la cooperaci\u00f3n econ\u00f3mica.<\/p>\n<p style=\"text-align: justify;\">La Agencia Anadolu cit\u00f3 fuentes del Ministerio de Comercio turco diciendo que el Ministro Bulat discutir\u00e1 en Damasco el desarrollo de la comunicaci\u00f3n y las relaciones entre los actores econ\u00f3micos de Turqu\u00eda y Siria, y el aumento de la coordinaci\u00f3n entre las instituciones en preparaci\u00f3n para la construcci\u00f3n de una Siria libre.<\/p>\n<p style=\"text-align: justify;\">Tambi\u00e9n, repasar\u00e1 cuestiones relativas a la cooperaci\u00f3n en \u00e1reas como el comercio, aduanas, transporte, inversiones, finanzas, banca, contratos y energ\u00eda.<\/p>\n<p style=\"text-align: justify;\">El Titular turco sostendr\u00e1 reuniones bilaterales con los ministros de Econom\u00eda, Finanzas y Transporte, y con el Director General de la Autoridad General de Puertos Terrestres y Mar\u00edtimos.<\/p>\n","protected":false},"excerpt":{"rendered":"<p>Ankara, 16 abr (SANA) El ministro de Comercio turco, \u00d6mer Bolat, inicia hoy una visita a Siria, acompa\u00f1ado por una delegaci\u00f3n de empresarios y jefes de c\u00e1maras y sindicatos turcos, donde mantendr\u00e1 conversaciones para dearrollar la cooperaci\u00f3n econ\u00f3mica. La Agencia Anadolu cit\u00f3 fuentes del Ministerio de Comercio turco diciendo que el Ministro Bulat discutir\u00e1 en &hellip;<\/p>\n","protected":false},"author":42,"featured_media":350879,"comment_status":"closed","ping_status":"closed","sticky":false,"template":"","format":"standard","meta":{"footnotes":""},"categories":[597,20724,467,7541],"tags":[],"class_list":["post-350878","post","type-post","status-publish","format-standard","has-post-thumbnail","","category-cinta-de-noticias","category-minuto-a-minuto","category-siria-y-el-mundo","category-ultimas-noticias"],"_links":{"self":[{"href":"https:\/\/archive.sana.sy\/es\/index.php?rest_route=\/wp\/v2\/posts\/350878"}],"collection":[{"href":"https:\/\/archive.sana.sy\/es\/index.php?rest_route=\/wp\/v2\/posts"}],"about":[{"href":"https:\/\/archive.sana.sy\/es\/index.php?rest_route=\/wp\/v2\/types\/post"}],"author":[{"embeddable":true,"href":"https:\/\/archive.sana.sy\/es\/index.php?rest_route=\/wp\/v2\/users\/42"}],"replies":[{"embeddable":true,"href":"https:\/\/archive.sana.sy\/es\/index.php?rest_route=%2Fwp%2Fv2%2Fcomments&post=350878"}],"version-history":[{"count":1,"href":"https:\/\/archive.sana.sy\/es\/index.php?rest_route=\/wp\/v2\/posts\/350878\/revisions"}],"predecessor-version":[{"id":350880,"href":"https:\/\/archive.sana.sy\/es\/index.php?rest_route=\/wp\/v2\/posts\/350878\/revisions\/350880"}],"wp:featuredmedia":[{"embeddable":true,"href":"https:\/\/archive.sana.sy\/es\/index.php?rest_route=\/wp\/v2\/media\/350879"}],"wp:attachment":[{"href":"https:\/\/archive.sana.sy\/es\/index.php?rest_route=%2Fwp%2Fv2%2Fmedia&parent=350878"}],"wp:term":[{"taxonomy":"category","embeddable":true,"href":"https:\/\/archive.sana.sy\/es\/index.php?rest_route=%2Fwp%2Fv2%2Fcategories&post=350878"},{"taxonomy":"post_tag","embeddable":true,"href":"https:\/\/archive.sana.sy\/es\/index.php?rest_route=%2Fwp%2Fv2%2Ftags&post=350878"}],"curies":[{"name":"wp","href":"https:\/\/api.w.org\/{rel}","templated":true}]}}