{"id":350881,"date":"2025-04-16T08:59:35","date_gmt":"2025-04-16T05:59:35","guid":{"rendered":"https:\/\/sana.sy\/es\/?p=350881"},"modified":"2025-04-16T08:59:42","modified_gmt":"2025-04-16T05:59:42","slug":"presidente-turco-reitera-apoyo-de-su-pais-a-siria","status":"publish","type":"post","link":"https:\/\/archive.sana.sy\/es\/?p=350881","title":{"rendered":"Presidente turco reitera apoyo de su pa\u00eds a Siria"},"content":{"rendered":"<p style=\"text-align: justify;\"><span style=\"color: #800000;\"><strong>Ankara, 16 abr (SANA)<\/strong><\/span> El presidente turco, Recep Tayyip Erdogan, reiter\u00f3 el apoyo de su pa\u00eds a Siria, y dijo que no permitir\u00e1 su divisi\u00f3n bajo ning\u00fan pretexto.<\/p>\n<p style=\"text-align: justify;\">La Agencia Anadolu cit\u00f3 a Erdogan diciendo en una conferencia de prensa tras la reuni\u00f3n del gobierno turco, que &#8220;cualquiera que obstruya la paz y la estabilidad en Siria &#8220;ser\u00e1 enfrentado por nosotros y el gobierno sirio&#8221;, y cualquiera que intente incitar el conflicto all\u00ed enfrentar\u00e1 a Turqu\u00eda&#8221;.<\/p>\n<p style=\"text-align: justify;\">&#8220;No permitiremos que Siria se divida creando un corredor terrorista en el norte ni otros corredores&#8221;, manifest\u00f3 el mandatario.<\/p>\n<p style=\"text-align: justify;\">Erdogan enfatiz\u00f3 que a medida que Siria se recupere y logre estabilidad y paz, toda la regi\u00f3n ser\u00e1 la ganadora.<\/p>\n","protected":false},"excerpt":{"rendered":"<p>Ankara, 16 abr (SANA) El presidente turco, Recep Tayyip Erdogan, reiter\u00f3 el apoyo de su pa\u00eds a Siria, y dijo que no permitir\u00e1 su divisi\u00f3n bajo ning\u00fan pretexto. La Agencia Anadolu cit\u00f3 a Erdogan diciendo en una conferencia de prensa tras la reuni\u00f3n del gobierno turco, que &#8220;cualquiera que obstruya la paz y la estabilidad &hellip;<\/p>\n","protected":false},"author":42,"featured_media":350882,"comment_status":"closed","ping_status":"closed","sticky":false,"template":"","format":"standard","meta":{"footnotes":""},"categories":[597,20724,467,7541],"tags":[],"class_list":["post-350881","post","type-post","status-publish","format-standard","has-post-thumbnail","","category-cinta-de-noticias","category-minuto-a-minuto","category-siria-y-el-mundo","category-ultimas-noticias"],"_links":{"self":[{"href":"https:\/\/archive.sana.sy\/es\/index.php?rest_route=\/wp\/v2\/posts\/350881"}],"collection":[{"href":"https:\/\/archive.sana.sy\/es\/index.php?rest_route=\/wp\/v2\/posts"}],"about":[{"href":"https:\/\/archive.sana.sy\/es\/index.php?rest_route=\/wp\/v2\/types\/post"}],"author":[{"embeddable":true,"href":"https:\/\/archive.sana.sy\/es\/index.php?rest_route=\/wp\/v2\/users\/42"}],"replies":[{"embeddable":true,"href":"https:\/\/archive.sana.sy\/es\/index.php?rest_route=%2Fwp%2Fv2%2Fcomments&post=350881"}],"version-history":[{"count":1,"href":"https:\/\/archive.sana.sy\/es\/index.php?rest_route=\/wp\/v2\/posts\/350881\/revisions"}],"predecessor-version":[{"id":350883,"href":"https:\/\/archive.sana.sy\/es\/index.php?rest_route=\/wp\/v2\/posts\/350881\/revisions\/350883"}],"wp:featuredmedia":[{"embeddable":true,"href":"https:\/\/archive.sana.sy\/es\/index.php?rest_route=\/wp\/v2\/media\/350882"}],"wp:attachment":[{"href":"https:\/\/archive.sana.sy\/es\/index.php?rest_route=%2Fwp%2Fv2%2Fmedia&parent=350881"}],"wp:term":[{"taxonomy":"category","embeddable":true,"href":"https:\/\/archive.sana.sy\/es\/index.php?rest_route=%2Fwp%2Fv2%2Fcategories&post=350881"},{"taxonomy":"post_tag","embeddable":true,"href":"https:\/\/archive.sana.sy\/es\/index.php?rest_route=%2Fwp%2Fv2%2Ftags&post=350881"}],"curies":[{"name":"wp","href":"https:\/\/api.w.org\/{rel}","templated":true}]}}