{"id":350887,"date":"2025-04-16T12:35:25","date_gmt":"2025-04-16T09:35:25","guid":{"rendered":"https:\/\/sana.sy\/es\/?p=350887"},"modified":"2025-04-16T12:35:32","modified_gmt":"2025-04-16T09:35:32","slug":"una-delegacion-del-congreso-de-eeuu-visitara-siria","status":"publish","type":"post","link":"https:\/\/archive.sana.sy\/es\/?p=350887","title":{"rendered":"Una delegaci\u00f3n del Congreso de EEUU visitar\u00e1 Siria"},"content":{"rendered":"<p style=\"text-align: justify;\"><span style=\"color: #800000;\"><strong>Washington, 16 abr (SANA)<\/strong><\/span> Fuentes estadounidenses revelaron que una delegaci\u00f3n del Congreso de Estados Unidos tiene la intenci\u00f3n de visitar Siria en los pr\u00f3ximos d\u00edas.<\/p>\n<p style=\"text-align: justify;\">Las fuentes, citadas por el peri\u00f3dico liban\u00e9s Al-Modon, indicaron que \u201cla delegaci\u00f3n estadounidense est\u00e1 compuesta por miembros de los partidos republicano y dem\u00f3crata\u201d, sin nombrarlos.<\/p>\n<p style=\"text-align: justify;\">Explicaron que \u201cexiste un deseo de intercambiar sobre la situaci\u00f3n siria entre los miembros del Congreso de Estados Unidos, por lo que no es improbable que la visita se realice\u201d.<\/p>\n<p style=\"text-align: justify;\">Seg\u00fan otras fuentes, el objetivo principal de la visita es &#8220;discutir la cuesti\u00f3n del levantamiento o la flexibilizaci\u00f3n de las sanciones estadounidenses contra Siria, adem\u00e1s de las cuestiones humanitarias que son la base de las preocupaciones de Estados Unidos.<\/p>\n<p style=\"text-align: justify;\">Siria lleva a\u00f1os sufriendo crisis prolongadas y, por lo tanto, cualquier acci\u00f3n estadounidense en este sentido podr\u00eda centrarse en explorar maneras de proporcionar ayuda humanitaria y discutir el levantamiento de las sanciones, indicaron.<\/p>\n<p style=\"text-align: justify;\">Por su parte, Farouk Bilal, jefe del Consejo Sirio Americano, dijo que existe un deseo entre los miembros del Congreso de conocer la situaci\u00f3n en Siria despu\u00e9s de la ca\u00edda del r\u00e9gimen.<\/p>\n<p style=\"text-align: justify;\">Agreg\u00f3 que las visitas, aunque no oficiales, abren canales de comunicaci\u00f3n diplom\u00e1tica entre Damasco y Washington y se\u00f1al\u00f3 que previamente se hab\u00eda celebrado una reuni\u00f3n entre miembros del Congreso de Estados Unidos y el ministro de Asuntos Exteriores, Asaad Al-Sheibani, en la Conferencia de Seguridad de Munich, que tuvo lugar a mediados de febrero.<\/p>\n<p style=\"text-align: justify;\">\n","protected":false},"excerpt":{"rendered":"<p>Washington, 16 abr (SANA) Fuentes estadounidenses revelaron que una delegaci\u00f3n del Congreso de Estados Unidos tiene la intenci\u00f3n de visitar Siria en los pr\u00f3ximos d\u00edas. Las fuentes, citadas por el peri\u00f3dico liban\u00e9s Al-Modon, indicaron que \u201cla delegaci\u00f3n estadounidense est\u00e1 compuesta por miembros de los partidos republicano y dem\u00f3crata\u201d, sin nombrarlos. Explicaron que \u201cexiste un deseo &hellip;<\/p>\n","protected":false},"author":42,"featured_media":350888,"comment_status":"closed","ping_status":"closed","sticky":false,"template":"","format":"standard","meta":{"footnotes":""},"categories":[597,20724,467,7541],"tags":[],"class_list":["post-350887","post","type-post","status-publish","format-standard","has-post-thumbnail","","category-cinta-de-noticias","category-minuto-a-minuto","category-siria-y-el-mundo","category-ultimas-noticias"],"_links":{"self":[{"href":"https:\/\/archive.sana.sy\/es\/index.php?rest_route=\/wp\/v2\/posts\/350887"}],"collection":[{"href":"https:\/\/archive.sana.sy\/es\/index.php?rest_route=\/wp\/v2\/posts"}],"about":[{"href":"https:\/\/archive.sana.sy\/es\/index.php?rest_route=\/wp\/v2\/types\/post"}],"author":[{"embeddable":true,"href":"https:\/\/archive.sana.sy\/es\/index.php?rest_route=\/wp\/v2\/users\/42"}],"replies":[{"embeddable":true,"href":"https:\/\/archive.sana.sy\/es\/index.php?rest_route=%2Fwp%2Fv2%2Fcomments&post=350887"}],"version-history":[{"count":1,"href":"https:\/\/archive.sana.sy\/es\/index.php?rest_route=\/wp\/v2\/posts\/350887\/revisions"}],"predecessor-version":[{"id":350889,"href":"https:\/\/archive.sana.sy\/es\/index.php?rest_route=\/wp\/v2\/posts\/350887\/revisions\/350889"}],"wp:featuredmedia":[{"embeddable":true,"href":"https:\/\/archive.sana.sy\/es\/index.php?rest_route=\/wp\/v2\/media\/350888"}],"wp:attachment":[{"href":"https:\/\/archive.sana.sy\/es\/index.php?rest_route=%2Fwp%2Fv2%2Fmedia&parent=350887"}],"wp:term":[{"taxonomy":"category","embeddable":true,"href":"https:\/\/archive.sana.sy\/es\/index.php?rest_route=%2Fwp%2Fv2%2Fcategories&post=350887"},{"taxonomy":"post_tag","embeddable":true,"href":"https:\/\/archive.sana.sy\/es\/index.php?rest_route=%2Fwp%2Fv2%2Ftags&post=350887"}],"curies":[{"name":"wp","href":"https:\/\/api.w.org\/{rel}","templated":true}]}}