{"id":350890,"date":"2025-04-16T13:07:03","date_gmt":"2025-04-16T10:07:03","guid":{"rendered":"https:\/\/sana.sy\/es\/?p=350890"},"modified":"2025-04-16T13:07:03","modified_gmt":"2025-04-16T10:07:03","slug":"egipto-y-kuwait-reiteran-su-apoyo-a-la-unidad-de-siria","status":"publish","type":"post","link":"https:\/\/archive.sana.sy\/es\/?p=350890","title":{"rendered":"Egipto y Kuwait reiteran su apoyo a la unidad de Siria"},"content":{"rendered":"<p style=\"text-align: justify;\"><span style=\"color: #800000;\"><strong>Kuwait, 16 abr (SANA)<\/strong><\/span>El presidente egipcio, Abdel Fattah El-Sisi, y el emir kuwait\u00ed, Sheikh Meshal Al-Ahmad Al-Jaber, afirmaron su apoyo a la unidad y estabilidad de Siria, y dieron la bienvenida a la formaci\u00f3n del gobierno sirio.<\/p>\n<p style=\"text-align: justify;\">El portavoz de la Presidencia egipcia, el embajador Mohamed El-Shenawy, declar\u00f3 que las conversaciones de la cumbre entre Egipto y Kuwait repasaron una serie de cuestiones, incluidos los acontecimientos en Siria, y ambas partes afirmaron su apoyo a su unidad y estabilidad.<\/p>\n<p style=\"text-align: justify;\">En una declaraci\u00f3n conjunta, ambas partes destacaron la importancia del paso de anunciar la formaci\u00f3n de un gobierno de transici\u00f3n en Siria, que cumple las esperanzas del pueblo sirio de vivir en seguridad y paz, y la necesidad de que el proceso pol\u00edtico sea integral e incluya la participaci\u00f3n de todas las partes.<\/p>\n<p style=\"text-align: justify;\">La declaraci\u00f3n tambi\u00e9n enfatiz\u00f3 la importancia de defender el inter\u00e9s nacional, apoyar la estabilidad, preservar las instituciones estatales, la unidad e integridad de sus territorios y rechazar la interferencia extranjera en los asuntos sirios y la necesidad de combatir el terrorismo.<\/p>\n<p style=\"text-align: justify;\">Adem\u00e1s, conden\u00f3 la violaci\u00f3n de la soberan\u00eda siria por parte de las fuerzas israel\u00edes y la toma de nuevas zonas dentro del territorio sirio.<\/p>\n<p style=\"text-align: justify;\">\n","protected":false},"excerpt":{"rendered":"<p>Kuwait, 16 abr (SANA)El presidente egipcio, Abdel Fattah El-Sisi, y el emir kuwait\u00ed, Sheikh Meshal Al-Ahmad Al-Jaber, afirmaron su apoyo a la unidad y estabilidad de Siria, y dieron la bienvenida a la formaci\u00f3n del gobierno sirio. El portavoz de la Presidencia egipcia, el embajador Mohamed El-Shenawy, declar\u00f3 que las conversaciones de la cumbre entre &hellip;<\/p>\n","protected":false},"author":42,"featured_media":350891,"comment_status":"closed","ping_status":"closed","sticky":false,"template":"","format":"standard","meta":{"footnotes":""},"categories":[597,20724,467,7541],"tags":[],"class_list":["post-350890","post","type-post","status-publish","format-standard","has-post-thumbnail","","category-cinta-de-noticias","category-minuto-a-minuto","category-siria-y-el-mundo","category-ultimas-noticias"],"_links":{"self":[{"href":"https:\/\/archive.sana.sy\/es\/index.php?rest_route=\/wp\/v2\/posts\/350890"}],"collection":[{"href":"https:\/\/archive.sana.sy\/es\/index.php?rest_route=\/wp\/v2\/posts"}],"about":[{"href":"https:\/\/archive.sana.sy\/es\/index.php?rest_route=\/wp\/v2\/types\/post"}],"author":[{"embeddable":true,"href":"https:\/\/archive.sana.sy\/es\/index.php?rest_route=\/wp\/v2\/users\/42"}],"replies":[{"embeddable":true,"href":"https:\/\/archive.sana.sy\/es\/index.php?rest_route=%2Fwp%2Fv2%2Fcomments&post=350890"}],"version-history":[{"count":1,"href":"https:\/\/archive.sana.sy\/es\/index.php?rest_route=\/wp\/v2\/posts\/350890\/revisions"}],"predecessor-version":[{"id":350892,"href":"https:\/\/archive.sana.sy\/es\/index.php?rest_route=\/wp\/v2\/posts\/350890\/revisions\/350892"}],"wp:featuredmedia":[{"embeddable":true,"href":"https:\/\/archive.sana.sy\/es\/index.php?rest_route=\/wp\/v2\/media\/350891"}],"wp:attachment":[{"href":"https:\/\/archive.sana.sy\/es\/index.php?rest_route=%2Fwp%2Fv2%2Fmedia&parent=350890"}],"wp:term":[{"taxonomy":"category","embeddable":true,"href":"https:\/\/archive.sana.sy\/es\/index.php?rest_route=%2Fwp%2Fv2%2Fcategories&post=350890"},{"taxonomy":"post_tag","embeddable":true,"href":"https:\/\/archive.sana.sy\/es\/index.php?rest_route=%2Fwp%2Fv2%2Ftags&post=350890"}],"curies":[{"name":"wp","href":"https:\/\/api.w.org\/{rel}","templated":true}]}}