{"id":350894,"date":"2025-04-16T13:44:51","date_gmt":"2025-04-16T10:44:51","guid":{"rendered":"https:\/\/sana.sy\/es\/?p=350894"},"modified":"2025-04-16T13:44:51","modified_gmt":"2025-04-16T10:44:51","slug":"conversaciones-sirio-europeas-sobre-futuras-oportunidades-de-cooperacion","status":"publish","type":"post","link":"https:\/\/archive.sana.sy\/es\/?p=350894","title":{"rendered":"Conversaciones sirio-europeas sobre futuras oportunidades de cooperaci\u00f3n"},"content":{"rendered":"<p style=\"text-align: justify;\"><span style=\"color: #800000;\"><strong>Estambul, 16 abr (SANA)\u00a0\u00a0<\/strong> <\/span>El jefe de la Misi\u00f3n de la Uni\u00f3n Europea en Siria, Michael Unmacht, anunci\u00f3 que sus conversaciones con el ministro del Interior sirio, Anas Khattab, incluyeron las oportunidades para la futura cooperaci\u00f3n entre Bruselas y Damasco.<\/p>\n<p style=\"text-align: justify;\">En una publicaci\u00f3n en su cuenta X, el diplom\u00e1tico expres\u00f3 su satisfacci\u00f3n por reunirse con el ministro Khattab.<\/p>\n<p style=\"text-align: justify;\">Se\u00f1al\u00f3 que se intercambiaron opiniones sobre la situaci\u00f3n de seguridad y los acontecimientos relacionados, adem\u00e1s de discutir las prioridades de trabajo del Ministerio del Interior para el pr\u00f3ximo per\u00edodo.<\/p>\n<p style=\"text-align: justify;\">Anteriormente, el Ministro del Interior hab\u00eda recibido a Onmacht en la sede del Ministerio en Damasco.<\/p>\n","protected":false},"excerpt":{"rendered":"<p>Estambul, 16 abr (SANA)\u00a0\u00a0 El jefe de la Misi\u00f3n de la Uni\u00f3n Europea en Siria, Michael Unmacht, anunci\u00f3 que sus conversaciones con el ministro del Interior sirio, Anas Khattab, incluyeron las oportunidades para la futura cooperaci\u00f3n entre Bruselas y Damasco. En una publicaci\u00f3n en su cuenta X, el diplom\u00e1tico expres\u00f3 su satisfacci\u00f3n por reunirse con &hellip;<\/p>\n","protected":false},"author":34,"featured_media":350895,"comment_status":"closed","ping_status":"closed","sticky":false,"template":"","format":"standard","meta":{"footnotes":""},"categories":[447,597,20724,467,7541],"tags":[],"class_list":["post-350894","post","type-post","status-publish","format-standard","has-post-thumbnail","","category-local-politica","category-cinta-de-noticias","category-minuto-a-minuto","category-siria-y-el-mundo","category-ultimas-noticias"],"_links":{"self":[{"href":"https:\/\/archive.sana.sy\/es\/index.php?rest_route=\/wp\/v2\/posts\/350894"}],"collection":[{"href":"https:\/\/archive.sana.sy\/es\/index.php?rest_route=\/wp\/v2\/posts"}],"about":[{"href":"https:\/\/archive.sana.sy\/es\/index.php?rest_route=\/wp\/v2\/types\/post"}],"author":[{"embeddable":true,"href":"https:\/\/archive.sana.sy\/es\/index.php?rest_route=\/wp\/v2\/users\/34"}],"replies":[{"embeddable":true,"href":"https:\/\/archive.sana.sy\/es\/index.php?rest_route=%2Fwp%2Fv2%2Fcomments&post=350894"}],"version-history":[{"count":1,"href":"https:\/\/archive.sana.sy\/es\/index.php?rest_route=\/wp\/v2\/posts\/350894\/revisions"}],"predecessor-version":[{"id":350896,"href":"https:\/\/archive.sana.sy\/es\/index.php?rest_route=\/wp\/v2\/posts\/350894\/revisions\/350896"}],"wp:featuredmedia":[{"embeddable":true,"href":"https:\/\/archive.sana.sy\/es\/index.php?rest_route=\/wp\/v2\/media\/350895"}],"wp:attachment":[{"href":"https:\/\/archive.sana.sy\/es\/index.php?rest_route=%2Fwp%2Fv2%2Fmedia&parent=350894"}],"wp:term":[{"taxonomy":"category","embeddable":true,"href":"https:\/\/archive.sana.sy\/es\/index.php?rest_route=%2Fwp%2Fv2%2Fcategories&post=350894"},{"taxonomy":"post_tag","embeddable":true,"href":"https:\/\/archive.sana.sy\/es\/index.php?rest_route=%2Fwp%2Fv2%2Ftags&post=350894"}],"curies":[{"name":"wp","href":"https:\/\/api.w.org\/{rel}","templated":true}]}}