{"id":350897,"date":"2025-04-16T14:22:39","date_gmt":"2025-04-16T11:22:39","guid":{"rendered":"https:\/\/sana.sy\/es\/?p=350897"},"modified":"2025-04-16T14:25:33","modified_gmt":"2025-04-16T11:25:33","slug":"yemen-reabrira-su-embajada-en-damasco","status":"publish","type":"post","link":"https:\/\/archive.sana.sy\/es\/?p=350897","title":{"rendered":"Yemen reabrir\u00e1 su embajada en Damasco"},"content":{"rendered":"<p style=\"text-align: justify;\"><span style=\"color: #800000;\"><strong>Ankara, 16 abr (SANA)\u00a0<\/strong><\/span> El ministro de Exteriores de Yemen, Shaye Al-Zindani, revel\u00f3 que el gobierno yemen\u00ed reabrir\u00e1 su embajada en Damasco tan pronto como recupere el edificio de la misi\u00f3n diplom\u00e1tica en la capital siria, Damasco.<\/p>\n<p style=\"text-align: justify;\">Desde el primer momento, nos comunicamos con el nuevo gobierno sirio, particularmente con el canciller Asaad Al-Shaibani, e iniciamos los esfuerzos necesarios para reanudar el trabajo de nuestra misi\u00f3n diplom\u00e1tica en el pa\u00eds \u00e1rabe, dijo Al-Zindani.<\/p>\n<p style=\"text-align: justify;\">El titular yemen\u00ed revel\u00f3 que su pa\u00eds enviar\u00e1 una delegaci\u00f3n a Damasco el 21 o 23 de este mes para reabrir la embajada.<\/p>\n","protected":false},"excerpt":{"rendered":"<p>Ankara, 16 abr (SANA)\u00a0 El ministro de Exteriores de Yemen, Shaye Al-Zindani, revel\u00f3 que el gobierno yemen\u00ed reabrir\u00e1 su embajada en Damasco tan pronto como recupere el edificio de la misi\u00f3n diplom\u00e1tica en la capital siria, Damasco. Desde el primer momento, nos comunicamos con el nuevo gobierno sirio, particularmente con el canciller Asaad Al-Shaibani, e &hellip;<\/p>\n","protected":false},"author":35,"featured_media":350898,"comment_status":"closed","ping_status":"closed","sticky":false,"template":"","format":"standard","meta":{"footnotes":""},"categories":[597,20724,467,7541],"tags":[],"class_list":["post-350897","post","type-post","status-publish","format-standard","has-post-thumbnail","","category-cinta-de-noticias","category-minuto-a-minuto","category-siria-y-el-mundo","category-ultimas-noticias"],"_links":{"self":[{"href":"https:\/\/archive.sana.sy\/es\/index.php?rest_route=\/wp\/v2\/posts\/350897"}],"collection":[{"href":"https:\/\/archive.sana.sy\/es\/index.php?rest_route=\/wp\/v2\/posts"}],"about":[{"href":"https:\/\/archive.sana.sy\/es\/index.php?rest_route=\/wp\/v2\/types\/post"}],"author":[{"embeddable":true,"href":"https:\/\/archive.sana.sy\/es\/index.php?rest_route=\/wp\/v2\/users\/35"}],"replies":[{"embeddable":true,"href":"https:\/\/archive.sana.sy\/es\/index.php?rest_route=%2Fwp%2Fv2%2Fcomments&post=350897"}],"version-history":[{"count":2,"href":"https:\/\/archive.sana.sy\/es\/index.php?rest_route=\/wp\/v2\/posts\/350897\/revisions"}],"predecessor-version":[{"id":350900,"href":"https:\/\/archive.sana.sy\/es\/index.php?rest_route=\/wp\/v2\/posts\/350897\/revisions\/350900"}],"wp:featuredmedia":[{"embeddable":true,"href":"https:\/\/archive.sana.sy\/es\/index.php?rest_route=\/wp\/v2\/media\/350898"}],"wp:attachment":[{"href":"https:\/\/archive.sana.sy\/es\/index.php?rest_route=%2Fwp%2Fv2%2Fmedia&parent=350897"}],"wp:term":[{"taxonomy":"category","embeddable":true,"href":"https:\/\/archive.sana.sy\/es\/index.php?rest_route=%2Fwp%2Fv2%2Fcategories&post=350897"},{"taxonomy":"post_tag","embeddable":true,"href":"https:\/\/archive.sana.sy\/es\/index.php?rest_route=%2Fwp%2Fv2%2Ftags&post=350897"}],"curies":[{"name":"wp","href":"https:\/\/api.w.org\/{rel}","templated":true}]}}