{"id":350901,"date":"2025-04-16T14:33:16","date_gmt":"2025-04-16T11:33:16","guid":{"rendered":"https:\/\/sana.sy\/es\/?p=350901"},"modified":"2025-04-16T14:38:32","modified_gmt":"2025-04-16T11:38:32","slug":"muere-vargas-llosa-el-ultimo-escritor-del-boom-latinoamericano","status":"publish","type":"post","link":"https:\/\/archive.sana.sy\/es\/?p=350901","title":{"rendered":"Muere Vargas Llosa, el \u00faltimo escritor del \u2018boom\u2019 latinoamericano"},"content":{"rendered":"<blockquote>\n<p style=\"text-align: justify;\"><span style=\"color: #800000;\"><strong>Vargas Llosa visit\u00f3 Damasco y se enamor\u00f3 de esta ciudad en la que se qued\u00f3 varios d\u00edas, tras ser invitado por el centro cultural espa\u00f1ol Instituto Cervantes en Damasco.<\/strong><\/span><\/p>\n<\/blockquote>\n<p style=\"text-align: justify;\"><span style=\"color: #800000;\"><strong>Damasco, 16 abr (SANA)<\/strong><\/span>\u00a0 \u00a0El nobel de literatura peruano Mario Vargas Llosa falleci\u00f3 este domingo en Lima a los 89 a\u00f1os, lo que constituye una p\u00e9rdida al \u00faltimo representante de la generaci\u00f3n dorada de la literatura latinoamericana.<\/p>\n<p style=\"text-align: justify;\">Vargas Llosa visit\u00f3 Damasco y se enamor\u00f3 de esta ciudad en la que se qued\u00f3 varios d\u00edas, tras ser invitado por el centro cultural espa\u00f1ol Instituto Cervantes en Damasco.<\/p>\n<p style=\"text-align: justify;\">Es conocido por su oposici\u00f3n a las dictaduras y gobernantes tir\u00e1nicos en su pa\u00eds y en el mundo.<\/p>\n<p style=\"text-align: justify;\">Nacido en la sure\u00f1a ciudad peruana de Arequipa el 28 de marzo de 1936 en una familia de clase media, fue educado por su madre y sus abuelos maternos en Cochabamba (Bolivia) y luego en Per\u00fa.<\/p>\n<p style=\"text-align: justify;\">Fue una de las figuras m\u00e1s destacadas del &#8220;boom&#8221; literario latinoamericano de los a\u00f1os 1960 y 1970, junto al colombiano Gabriel Garc\u00eda M\u00e1rquez y el argentino Julio Cort\u00e1zar.<\/p>\n<p style=\"text-align: justify;\">Muchas de sus obras han sido traducidas al \u00e1rabe, como \u201cCartas a un joven novelista\u201d, \u201cLa fiesta del chivo\u201d, \u201cLos cuadernos de don Rigoberto\u201d, \u201cElogio de la t\u00eda\u201d, \u201c\u00bfQui\u00e9n mat\u00f3 a Palomino Molero?\u201d y \u201cLos males del ni\u00f1o malvado\u201d.<\/p>\n","protected":false},"excerpt":{"rendered":"<p>Vargas Llosa visit\u00f3 Damasco y se enamor\u00f3 de esta ciudad en la que se qued\u00f3 varios d\u00edas, tras ser invitado por el centro cultural espa\u00f1ol Instituto Cervantes en Damasco. Damasco, 16 abr (SANA)\u00a0 \u00a0El nobel de literatura peruano Mario Vargas Llosa falleci\u00f3 este domingo en Lima a los 89 a\u00f1os, lo que constituye una p\u00e9rdida &hellip;<\/p>\n","protected":false},"author":35,"featured_media":350903,"comment_status":"closed","ping_status":"closed","sticky":false,"template":"","format":"standard","meta":{"footnotes":""},"categories":[597,510,20724,7541],"tags":[],"class_list":["post-350901","post","type-post","status-publish","format-standard","has-post-thumbnail","","category-cinta-de-noticias","category-arte-y-cultura","category-minuto-a-minuto","category-ultimas-noticias"],"_links":{"self":[{"href":"https:\/\/archive.sana.sy\/es\/index.php?rest_route=\/wp\/v2\/posts\/350901"}],"collection":[{"href":"https:\/\/archive.sana.sy\/es\/index.php?rest_route=\/wp\/v2\/posts"}],"about":[{"href":"https:\/\/archive.sana.sy\/es\/index.php?rest_route=\/wp\/v2\/types\/post"}],"author":[{"embeddable":true,"href":"https:\/\/archive.sana.sy\/es\/index.php?rest_route=\/wp\/v2\/users\/35"}],"replies":[{"embeddable":true,"href":"https:\/\/archive.sana.sy\/es\/index.php?rest_route=%2Fwp%2Fv2%2Fcomments&post=350901"}],"version-history":[{"count":3,"href":"https:\/\/archive.sana.sy\/es\/index.php?rest_route=\/wp\/v2\/posts\/350901\/revisions"}],"predecessor-version":[{"id":350905,"href":"https:\/\/archive.sana.sy\/es\/index.php?rest_route=\/wp\/v2\/posts\/350901\/revisions\/350905"}],"wp:featuredmedia":[{"embeddable":true,"href":"https:\/\/archive.sana.sy\/es\/index.php?rest_route=\/wp\/v2\/media\/350903"}],"wp:attachment":[{"href":"https:\/\/archive.sana.sy\/es\/index.php?rest_route=%2Fwp%2Fv2%2Fmedia&parent=350901"}],"wp:term":[{"taxonomy":"category","embeddable":true,"href":"https:\/\/archive.sana.sy\/es\/index.php?rest_route=%2Fwp%2Fv2%2Fcategories&post=350901"},{"taxonomy":"post_tag","embeddable":true,"href":"https:\/\/archive.sana.sy\/es\/index.php?rest_route=%2Fwp%2Fv2%2Ftags&post=350901"}],"curies":[{"name":"wp","href":"https:\/\/api.w.org\/{rel}","templated":true}]}}