{"id":350906,"date":"2025-04-16T15:04:46","date_gmt":"2025-04-16T12:04:46","guid":{"rendered":"https:\/\/sana.sy\/es\/?p=350906"},"modified":"2025-04-16T15:07:10","modified_gmt":"2025-04-16T12:07:10","slug":"khattab-anuncia-futuros-planes-del-ministerio-del-interior","status":"publish","type":"post","link":"https:\/\/archive.sana.sy\/es\/?p=350906","title":{"rendered":"Khattab anuncia futuros planes del Ministerio del Interior"},"content":{"rendered":"<p style=\"text-align: justify;\"><span style=\"color: #800000;\"><strong>Damasco, 16 abr (SANA)<\/strong> <\/span>El ministro del Interior, Anas Khattab, anunci\u00f3 hoy una serie de ideas y planes en los que el Ministerio trabajar\u00e1 en los pr\u00f3ximos d\u00edas.<\/p>\n<p style=\"text-align: justify;\">Aclar\u00f3 que estos planes fueron concretados despu\u00e9s de reuniones celebradas con todos los departamentos, comandantes de polic\u00eda, direcciones de seguridad y oficinas centrales dentro del ministerio para revisar el estado actual del trabajo y superar cualquier obst\u00e1culo.<\/p>\n<p style=\"text-align: justify;\">Sobre los anterior, el ministro Khattab escribi\u00f3 en su cuenta de la plataforma \u201cX\u201d:<\/p>\n<p style=\"text-align: justify;\"><strong>En el \u00e1mbito de la seguridad y la polic\u00eda<\/strong><\/p>\n<p style=\"text-align: justify;\">El Ministerio del Interior estar\u00e1 representado en cada gobernaci\u00f3n por un solo funcionario, en lugar de tener una direcci\u00f3n de seguridad y un comando de polic\u00eda. Todas las oficinas de la gobernaci\u00f3n reportar\u00e1n al representante del ministerio all\u00ed, quien ser\u00e1 responsable tanto de la polic\u00eda como de la seguridad.<\/p>\n<p style=\"text-align: justify;\"><strong>En el \u00e1mbito de las investigaciones criminales<\/strong><\/p>\n<p style=\"text-align: justify;\">A los funcionarios competentes del Departamento se les encomend\u00f3 la tarea de preparar un estudio cient\u00edfico y pr\u00e1ctico para avanzar y desarrollar el trabajo de las investigaciones criminales de acuerdo con las necesidades, equipando los laboratorios con los \u00faltimos equipos y tecnolog\u00eda. El comit\u00e9 inici\u00f3 sus trabajos hace unos d\u00edas.<\/p>\n<p style=\"text-align: justify;\"><strong>En el \u00e1mbito de lucha antidroga<\/strong><\/p>\n<p style=\"text-align: justify;\">Se realiz\u00f3 una reuni\u00f3n con funcionarios del Departamento para discutir el desarrollo del trabajo y brindarle al Departamento los equipos y los recursos humanos necesarios. Esto se hizo despu\u00e9s de realizar cursos especializados apropiados para graduar el personal necesario.<\/p>\n<p style=\"text-align: justify;\"><strong>En el campo de la tecnolog\u00eda y el software<\/strong><\/p>\n<p style=\"text-align: justify;\">Se realizaron diversas sesiones con especialistas en este campo. La primera fase comenzar\u00e1 con el desarrollo de la base de datos del estado civil, as\u00ed como la preparaci\u00f3n de una base de datos dedicada al procesamiento de la informaci\u00f3n y las solicitudes que reciba el Ministerio. En un futuro pr\u00f3ximo se lanzar\u00e1n aplicaciones de servicios electr\u00f3nicos en coordinaci\u00f3n con el Ministerio de Comunicaciones y Tecnolog\u00edas de la Informaci\u00f3n para facilitar la prestaci\u00f3n de servicios a los ciudadanos lo m\u00e1s r\u00e1pido posible y al menor costo.<\/p>\n<p style=\"text-align: justify;\"><strong>En el \u00e1mbito del tr\u00e1fico<\/strong><\/p>\n<p style=\"text-align: justify;\">Se realiz\u00f3 una reuni\u00f3n con el director del Departamento y se lleg\u00f3 a un acuerdo para realizar la transici\u00f3n a una forma moderna de gesti\u00f3n del tr\u00e1fico, utilizando c\u00e1maras inteligentes, dispositivos de monitoreo de velocidad y seguimiento de infracciones y accidentes de tr\u00e1nsito.<\/p>\n<p style=\"text-align: justify;\">Tambi\u00e9n se discutieron soluciones de emergencia para los atascos en Damasco, y estas propuestas est\u00e1n siendo estudiadas actualmente por comit\u00e9s especializados.<\/p>\n<p style=\"text-align: justify;\"><strong>En el \u00e1mbito de la inmigraci\u00f3n y los pasaportes<\/strong><\/p>\n<p style=\"text-align: justify;\">El personal asignado por el Ministerio del Interior se ha centrado en garantizar el funcionamiento ininterrumpido de este departamento desde los primeros momentos de la liberaci\u00f3n de Damasco.<\/p>\n<p style=\"text-align: justify;\">El departamento fue inmediatamente remodelado, a pesar de los da\u00f1os e incendios que afectaron su sede.<br \/>\nPosteriormente, el departamento reanud\u00f3 su trabajo, emitiendo m\u00e1s de 160.000 pasaportes y procesando miles de tr\u00e1mites. Todav\u00eda se est\u00e1 trabajando para desarrollar el departamento.<\/p>\n<p style=\"text-align: justify;\"><strong>En el \u00e1mbito de la lucha contra remanentes del r\u00e9gimen<\/strong><\/p>\n<p style=\"text-align: justify;\">El Ministro del Interior declar\u00f3: hemos puesto fin a un intento de golpe de Estado planificado por un grupo de oficiales del r\u00e9gimen derrocado. Ahora es cosa del pasado, gracias al esfuerzo de nuestras fuerzas y nuestro pueblo.<\/p>\n<p style=\"text-align: justify;\">Posteriormente, hemos comenzado a actualizar la informaci\u00f3n en coordinaci\u00f3n con las autoridades competentes y a revisar los logros obtenidos en cooperaci\u00f3n con el Ministerio de Defensa. Tambi\u00e9n acordamos desarrollar el departamento encargado de perseguir a los delincuentes mediante el fortalecimiento de la coordinaci\u00f3n con otros organismos de seguridad del ministerio, lo que contribuir\u00e1 a consolidar la seguridad y la estabilidad\u00bb.<\/p>\n<p style=\"text-align: justify;\"><strong>En el \u00e1mbito de los recursos humanos, planificaci\u00f3n, estructuraci\u00f3n y pol\u00edticas p\u00fablicas<\/strong><\/p>\n<p style=\"text-align: justify;\">Se inform\u00f3 a todos los interesados sobre la necesidad de desarrollar la estructura del Ministerio del Interior para satisfacer las necesidades y tareas requeridas. Se sigue trabajando en este sentido, con el objetivo de establecer una estructura organizativa que responda a las necesidades y contribuya a establecer relaciones s\u00f3lidas entre todas las entidades afiliadas al Ministerio del Interior.<\/p>\n<p style=\"text-align: justify;\"><strong>En el \u00e1mbito penitenciario<\/strong><\/p>\n<p style=\"text-align: justify;\">Este asunto evoca recuerdos dolorosos para los sirios, y se realizaron varias reuniones con especialistas de esta administraci\u00f3n para identificar los obst\u00e1culos para trabajar y tratar de superarlos.<\/p>\n<p style=\"text-align: justify;\">El Ministerio est\u00e1 trabajando para transformar las c\u00e1rceles en una plataforma para la rehabilitaci\u00f3n de los detenidos, permiti\u00e9ndoles convertirse en miembros integrados, productivos y activos de la sociedad.<\/p>\n<p style=\"text-align: justify;\">Recientemente, se lleg\u00f3 a un acuerdo con el Departamento de Construcci\u00f3n para rehabilitar temporalmente las c\u00e1rceles existentes hasta que se construyan nuevos centros de detenci\u00f3n que contribuyan a lograr justicia y garantizar el respeto de los derechos de los detenidos.<\/p>\n<p style=\"text-align: justify;\"><strong>En el campo de la resoluci\u00f3n de problemas e investigaciones<\/strong><\/p>\n<p style=\"text-align: justify;\">Durante los pr\u00f3ximos veinte d\u00edas, se activar\u00e1 el Departamento de Quejas en el centro de la ciudad de Damasco, facilitando el acceso de los clientes y garantizando que sus quejas se reciban y procesen de acuerdo con los procedimientos legales.<\/p>\n<p style=\"text-align: justify;\">M\u00e1s adelante se abrir\u00e1 una sucursal similar en Alepo para aliviar la carga de los residentes. Se ir\u00e1n creando sucursales adicionales gradualmente para cubrir todas las gobernaciones.<\/p>\n<p style=\"text-align: justify;\"><strong>En el \u00e1mbito de la cooperaci\u00f3n internacional<\/strong><\/p>\n<p style=\"text-align: justify;\">Se enviaron varias misiones especializadas a varios pa\u00edses para conocer los \u00faltimos avances en las ciencias policiales y de seguridad. Tambi\u00e9n se recibieron varias delegaciones para discutir el desarrollo del trabajo de seguridad y polic\u00eda y los cursos necesarios.<\/p>\n<p style=\"text-align: justify;\">En un futuro pr\u00f3ximo, el Ministerio espera una mayor cooperaci\u00f3n y coordinaci\u00f3n con todos los pa\u00edses, en particular los pa\u00edses vecinos, para abordar los desaf\u00edos existentes, en particular la lucha contra el Daesh, el control fronterizo y la reducci\u00f3n de la propagaci\u00f3n de drogas y el crimen organizado, entre otros.<\/p>\n<p style=\"text-align: justify;\">Al concluir los planes anunciados, el ministro Khattab escribi\u00f3: \u00abLes prometemos a nuestros ciudadanos que, en el Ministerio del Interior, trabajaremos en silencio para que puedan vivir en paz y seguridad. Permaneceremos vigilantes para preservar su seguridad y crear un entorno en el que todos los sirios gocen de dignidad y libertad, despu\u00e9s de haber sido privados de ellas durante m\u00e1s de cincuenta a\u00f1os\u00bb.<\/p>\n","protected":false},"excerpt":{"rendered":"<p>Damasco, 16 abr (SANA) El ministro del Interior, Anas Khattab, anunci\u00f3 hoy una serie de ideas y planes en los que el Ministerio trabajar\u00e1 en los pr\u00f3ximos d\u00edas. Aclar\u00f3 que estos planes fueron concretados despu\u00e9s de reuniones celebradas con todos los departamentos, comandantes de polic\u00eda, direcciones de seguridad y oficinas centrales dentro del ministerio para &hellip;<\/p>\n","protected":false},"author":35,"featured_media":350908,"comment_status":"closed","ping_status":"closed","sticky":false,"template":"","format":"standard","meta":{"footnotes":""},"categories":[597,20724,476,7541],"tags":[],"class_list":["post-350906","post","type-post","status-publish","format-standard","has-post-thumbnail","","category-cinta-de-noticias","category-minuto-a-minuto","category-locales","category-ultimas-noticias"],"_links":{"self":[{"href":"https:\/\/archive.sana.sy\/es\/index.php?rest_route=\/wp\/v2\/posts\/350906"}],"collection":[{"href":"https:\/\/archive.sana.sy\/es\/index.php?rest_route=\/wp\/v2\/posts"}],"about":[{"href":"https:\/\/archive.sana.sy\/es\/index.php?rest_route=\/wp\/v2\/types\/post"}],"author":[{"embeddable":true,"href":"https:\/\/archive.sana.sy\/es\/index.php?rest_route=\/wp\/v2\/users\/35"}],"replies":[{"embeddable":true,"href":"https:\/\/archive.sana.sy\/es\/index.php?rest_route=%2Fwp%2Fv2%2Fcomments&post=350906"}],"version-history":[{"count":2,"href":"https:\/\/archive.sana.sy\/es\/index.php?rest_route=\/wp\/v2\/posts\/350906\/revisions"}],"predecessor-version":[{"id":350909,"href":"https:\/\/archive.sana.sy\/es\/index.php?rest_route=\/wp\/v2\/posts\/350906\/revisions\/350909"}],"wp:featuredmedia":[{"embeddable":true,"href":"https:\/\/archive.sana.sy\/es\/index.php?rest_route=\/wp\/v2\/media\/350908"}],"wp:attachment":[{"href":"https:\/\/archive.sana.sy\/es\/index.php?rest_route=%2Fwp%2Fv2%2Fmedia&parent=350906"}],"wp:term":[{"taxonomy":"category","embeddable":true,"href":"https:\/\/archive.sana.sy\/es\/index.php?rest_route=%2Fwp%2Fv2%2Fcategories&post=350906"},{"taxonomy":"post_tag","embeddable":true,"href":"https:\/\/archive.sana.sy\/es\/index.php?rest_route=%2Fwp%2Fv2%2Ftags&post=350906"}],"curies":[{"name":"wp","href":"https:\/\/api.w.org\/{rel}","templated":true}]}}