{"id":35092,"date":"2015-12-13T15:05:19","date_gmt":"2015-12-13T13:05:19","guid":{"rendered":"http:\/\/sana.sy\/es\/?p=35092"},"modified":"2023-01-10T14:35:26","modified_gmt":"2023-01-10T12:35:26","slug":"al-moalem-destaca-a-obrien-importancia-del-compromiso-de-las-organizaciones-de-la-onu-en-el-trabajo-humanitario","status":"publish","type":"post","link":"https:\/\/archive.sana.sy\/es\/?p=35092","title":{"rendered":"Al Moalem destaca a O&#8217;Brien importancia del compromiso de las organizaciones de la ONU\u00a0en el trabajo humanitario"},"content":{"rendered":"<p><span style=\"color: #800000\">Damasco, SANA<\/span><\/p>\n<p>El viceprimer ministro y ministro de Exteriores y de los Expatriados Walid Al Moalem recibi\u00f3 hoy a Stephen O&#8217;Brien, el Secretario General Adjunto de las Naciones Unidas para Asuntos Humanitarios y Coordinador del Socorro de Emergencia y la delegaci\u00f3n que le acompa\u00f1a.<\/p>\n<p>Al-Moalem reafirm\u00f3 durante la reuni\u00f3n el empe\u00f1o del gobierno sirio en ofrecer las necesidades de su pueblo firme en su guerra contra el terrorismo se\u00f1alando la importancia del compromiso de las organizaciones de la ONU en su trabajo en el \u00e1mbito humanitario.<\/p>\n<p>El jefe de la diplomacia sirio declar\u00f3 que Siria da prioridad a la reconciliaci\u00f3n nacional en sus programas para la restauraci\u00f3n de la seguridad y la estabilidad a Siria.<\/p>\n<p>Por su parte O&#8217;Brien dijo que su visita tiene el objetivo de trabajar desde el terreno expresando su aprecio por las facilidades ofrecidos por el gobierno sirio y la continuaci\u00f3n de la colaboraci\u00f3n com\u00fan en el \u00e1mbito de las ayudas humanitarias.<\/p>\n<p>Cabe mencionar que la reuni\u00f3n cont\u00f3 con la presencia del Dr. Faisal Al Mikdad viceministro de Exteriores, Ahmad Arnous el asesor del ministro, Onfuan Al-Naeb director del Departamento de las organizaciones internacionales y las conferencias y Yacoub A Hilo el coordinador residente en los Estados Unidad en Damasco y los miembros de la delegaci\u00f3n acompa\u00f1ante.<\/p>\n<p>&nbsp;<\/p>\n<p>&nbsp;<\/p>\n<p>Hala B., Riyad Sh.<\/p>\n","protected":false},"excerpt":{"rendered":"<p>Damasco, SANA El viceprimer ministro y ministro de Exteriores y de los Expatriados Walid Al Moalem recibi\u00f3 hoy a Stephen O&#8217;Brien, el Secretario General Adjunto de las Naciones Unidas para Asuntos Humanitarios y Coordinador del Socorro de Emergencia y la delegaci\u00f3n que le acompa\u00f1a. Al-Moalem reafirm\u00f3 durante la reuni\u00f3n el empe\u00f1o del gobierno sirio en &hellip;<\/p>\n","protected":false},"author":24,"featured_media":35095,"comment_status":"closed","ping_status":"closed","sticky":false,"template":"","format":"standard","meta":{"footnotes":""},"categories":[447,477,597,476,7541],"tags":[],"class_list":["post-35092","post","type-post","status-publish","format-standard","has-post-thumbnail","","category-local-politica","category-noticias-edulcorantes","category-cinta-de-noticias","category-locales","category-ultimas-noticias"],"_links":{"self":[{"href":"https:\/\/archive.sana.sy\/es\/index.php?rest_route=\/wp\/v2\/posts\/35092"}],"collection":[{"href":"https:\/\/archive.sana.sy\/es\/index.php?rest_route=\/wp\/v2\/posts"}],"about":[{"href":"https:\/\/archive.sana.sy\/es\/index.php?rest_route=\/wp\/v2\/types\/post"}],"author":[{"embeddable":true,"href":"https:\/\/archive.sana.sy\/es\/index.php?rest_route=\/wp\/v2\/users\/24"}],"replies":[{"embeddable":true,"href":"https:\/\/archive.sana.sy\/es\/index.php?rest_route=%2Fwp%2Fv2%2Fcomments&post=35092"}],"version-history":[{"count":0,"href":"https:\/\/archive.sana.sy\/es\/index.php?rest_route=\/wp\/v2\/posts\/35092\/revisions"}],"wp:featuredmedia":[{"embeddable":true,"href":"https:\/\/archive.sana.sy\/es\/index.php?rest_route=\/wp\/v2\/media\/35095"}],"wp:attachment":[{"href":"https:\/\/archive.sana.sy\/es\/index.php?rest_route=%2Fwp%2Fv2%2Fmedia&parent=35092"}],"wp:term":[{"taxonomy":"category","embeddable":true,"href":"https:\/\/archive.sana.sy\/es\/index.php?rest_route=%2Fwp%2Fv2%2Fcategories&post=35092"},{"taxonomy":"post_tag","embeddable":true,"href":"https:\/\/archive.sana.sy\/es\/index.php?rest_route=%2Fwp%2Fv2%2Ftags&post=35092"}],"curies":[{"name":"wp","href":"https:\/\/api.w.org\/{rel}","templated":true}]}}