{"id":350930,"date":"2025-04-16T18:27:39","date_gmt":"2025-04-16T15:27:39","guid":{"rendered":"https:\/\/sana.sy\/es\/?p=350930"},"modified":"2025-04-16T18:31:53","modified_gmt":"2025-04-16T15:31:53","slug":"turquia-anuncia-el-regreso-voluntario-de-mas-de-175-mil-sirios-a-su-pais-desde-el-9-de-diciembre-pasado","status":"publish","type":"post","link":"https:\/\/archive.sana.sy\/es\/?p=350930","title":{"rendered":"Turqu\u00eda anuncia el regreso voluntario de m\u00e1s de 175 mil sirios a su pa\u00eds desde el 9 de diciembre pasado"},"content":{"rendered":"<p style=\"text-align: justify\"><span style=\"color: #800000\"><strong>Ankara, 16 abr (SANA)<\/strong><\/span> El ministro del Interior de Turqu\u00eda, Ali Yerlikaya, anunci\u00f3 que desde el 9 de diciembre pasado, 175.512 ciudadanos sirios regresaron a su pa\u00eds procedentes de Turqu\u00eda.<\/p>\n<p style=\"text-align: justify\">Kaya dio estas declaraciones a la agencia turca \u201cAnadolu\u201d hoy en el marco de los actos conmemorativos del 12\u00ba aniversario de la creaci\u00f3n de la jefatura del Departamento de Gesti\u00f3n de la Migraci\u00f3n del Ministerio del Interior.<\/p>\n<p style=\"text-align: justify\">\u201cEl retorno voluntario de los sirios a su pa\u00eds ha cobrado impulso y se ha acelerado tras la ca\u00edda del exr\u00e9gimen el 8 de diciembre\u201d, dijo. \u201cEstamos haciendo lo necesario para crear las condiciones adecuadas para garantizar un regreso voluntario, seguro y honorable de nuestros hermanos sirios a su pa\u00eds\u201d, asever\u00f3.<\/p>\n<p style=\"text-align: justify\">Kaya se\u00f1al\u00f3 que la cifra de sirios que volvieron voluntariamente a su pa\u00eds entre 2017 y 2025 ha alcanzado las 915.515 personas.<\/p>\n<p style=\"text-align: justify\">Respecto a las alegaciones de un &#8220;plan para reasentar a civiles palestinos de Gaza en campamentos en el norte de Siria&#8221;, el ministro las desminti\u00f3, tild\u00e1ndolas de &#8220;acusaciones completamente infundadas&#8221;.<\/p>\n","protected":false},"excerpt":{"rendered":"<p>Ankara, 16 abr (SANA) El ministro del Interior de Turqu\u00eda, Ali Yerlikaya, anunci\u00f3 que desde el 9 de diciembre pasado, 175.512 ciudadanos sirios regresaron a su pa\u00eds procedentes de Turqu\u00eda. Kaya dio estas declaraciones a la agencia turca \u201cAnadolu\u201d hoy en el marco de los actos conmemorativos del 12\u00ba aniversario de la creaci\u00f3n de la &hellip;<\/p>\n","protected":false},"author":24,"featured_media":350933,"comment_status":"closed","ping_status":"closed","sticky":false,"template":"","format":"standard","meta":{"footnotes":""},"categories":[597,20724,467,7541],"tags":[],"class_list":["post-350930","post","type-post","status-publish","format-standard","has-post-thumbnail","","category-cinta-de-noticias","category-minuto-a-minuto","category-siria-y-el-mundo","category-ultimas-noticias"],"_links":{"self":[{"href":"https:\/\/archive.sana.sy\/es\/index.php?rest_route=\/wp\/v2\/posts\/350930"}],"collection":[{"href":"https:\/\/archive.sana.sy\/es\/index.php?rest_route=\/wp\/v2\/posts"}],"about":[{"href":"https:\/\/archive.sana.sy\/es\/index.php?rest_route=\/wp\/v2\/types\/post"}],"author":[{"embeddable":true,"href":"https:\/\/archive.sana.sy\/es\/index.php?rest_route=\/wp\/v2\/users\/24"}],"replies":[{"embeddable":true,"href":"https:\/\/archive.sana.sy\/es\/index.php?rest_route=%2Fwp%2Fv2%2Fcomments&post=350930"}],"version-history":[{"count":1,"href":"https:\/\/archive.sana.sy\/es\/index.php?rest_route=\/wp\/v2\/posts\/350930\/revisions"}],"predecessor-version":[{"id":350932,"href":"https:\/\/archive.sana.sy\/es\/index.php?rest_route=\/wp\/v2\/posts\/350930\/revisions\/350932"}],"wp:featuredmedia":[{"embeddable":true,"href":"https:\/\/archive.sana.sy\/es\/index.php?rest_route=\/wp\/v2\/media\/350933"}],"wp:attachment":[{"href":"https:\/\/archive.sana.sy\/es\/index.php?rest_route=%2Fwp%2Fv2%2Fmedia&parent=350930"}],"wp:term":[{"taxonomy":"category","embeddable":true,"href":"https:\/\/archive.sana.sy\/es\/index.php?rest_route=%2Fwp%2Fv2%2Fcategories&post=350930"},{"taxonomy":"post_tag","embeddable":true,"href":"https:\/\/archive.sana.sy\/es\/index.php?rest_route=%2Fwp%2Fv2%2Ftags&post=350930"}],"curies":[{"name":"wp","href":"https:\/\/api.w.org\/{rel}","templated":true}]}}