{"id":350934,"date":"2025-04-16T19:44:49","date_gmt":"2025-04-16T16:44:49","guid":{"rendered":"https:\/\/sana.sy\/es\/?p=350934"},"modified":"2025-04-16T19:44:59","modified_gmt":"2025-04-16T16:44:59","slug":"turquia-concede-importancia-a-la-renovacion-de-la-infraestructura-y-el-sector-de-transporte-de-siria","status":"publish","type":"post","link":"https:\/\/archive.sana.sy\/es\/?p=350934","title":{"rendered":"Turqu\u00eda concede gran importancia a la renovaci\u00f3n de la infraestructura y el sector de transporte de Siria"},"content":{"rendered":"<p style=\"text-align: justify\"><span style=\"color: #800000\"><strong>Damasco, 16 abr (SANA)<\/strong><\/span> El Ministro de Transporte sirio, Yaarob Badr, se reuni\u00f3 con el Ministro de Comercio turco, Omer Bolat, para examinar la cooperaci\u00f3n en materia del desarrollo econ\u00f3mico, especialmente en el sector transporte.<\/p>\n<p style=\"text-align: justify\">Durante la reuni\u00f3n, se abordaron oportunidades para mejorar las relaciones en el \u00e1mbito del transporte y fortalecer los lazos en servicios log\u00edsticos, incluyendo asociaciones en proyectos de transporte a\u00e9reo, mar\u00edtimo y terrestre.<\/p>\n<p style=\"text-align: justify\">Ambos ministros enfatizaron la importancia de impulsar la cooperaci\u00f3n econ\u00f3mica entre Siria y Turqu\u00eda en el futuro, as\u00ed como la necesidad de coordinar esfuerzos para la reconstrucci\u00f3n de Siria.<\/p>\n<p style=\"text-align: justify\">El ministro Badr destac\u00f3 la relevancia de la visita turca en activar la cooperaci\u00f3n bilateral en diversas \u00e1reas.<\/p>\n<p style=\"text-align: justify\">Por su parte, el ministro Bolat felicit\u00f3 a Siria por su nuevo gobierno, y destac\u00f3 que ambos pa\u00edses trabajar\u00e1n juntos en los campos de pol\u00edtica, econom\u00eda, comercio y asuntos sociales.<\/p>\n<p style=\"text-align: justify\">\u201cLa parte turca concede especial importancia a la renovaci\u00f3n, construcci\u00f3n y mantenimiento de la infraestructura en Siria, incluidas las rutas terrestres, mar\u00edtimas, a\u00e9reas y ferroviarias.\u201d, resalt\u00f3.<\/p>\n<p style=\"text-align: justify\">Agreg\u00f3 que esta delegaci\u00f3n turca es la primera en visitar Siria tras la formaci\u00f3n del nuevo gobierno, anunciando que habr\u00e1 visitas rec\u00edprocas continuas para acelerar la reconstrucci\u00f3n del pa\u00eds.<\/p>\n<p style=\"text-align: justify\">Asimismo resalt\u00f3 la importancia de Siria como un centro log\u00edstico clave en la regi\u00f3n, y la necesidad de acabar con las sanciones econ\u00f3micas impuestas a este pa\u00eds con el fin de facilitar su desarrollo.<\/p>\n<p style=\"text-align: justify\">Explic\u00f3 que el Ministerio de Transporte turco colaborar\u00e1 estrechamente con su hom\u00f3logo sirio, e inform\u00f3 que los pasos fronterizos activos actualmente son \u201cCilveg\u00f6z\u00fc\u201d \u201cZeytin Dal\u0131\u201d y \u201cYaylada\u011f\u0131, las cuales pueden formar una red de transporte eficaz que se extiende a las provincias sirias de Latakia y Tartous.<\/p>\n<p style=\"text-align: justify\">\u201cSe observ\u00f3 un incremento significativo en el transporte mar\u00edtimo entre ambos pa\u00edses, hecho que requiere ampliar y mejorar los puertos sirios\u201d, asever\u00f3.<\/p>\n<p style=\"text-align: justify\">Cabe destacar que la delegaci\u00f3n turca incluye a representantes de varias ministerios, c\u00e1maras de comercio e industria, empresarios y el encargado de negocios de la Embajada turca en Damasco.<\/p>\n<p style=\"text-align: justify\">\n","protected":false},"excerpt":{"rendered":"<p>Damasco, 16 abr (SANA) El Ministro de Transporte sirio, Yaarob Badr, se reuni\u00f3 con el Ministro de Comercio turco, Omer Bolat, para examinar la cooperaci\u00f3n en materia del desarrollo econ\u00f3mico, especialmente en el sector transporte. Durante la reuni\u00f3n, se abordaron oportunidades para mejorar las relaciones en el \u00e1mbito del transporte y fortalecer los lazos en &hellip;<\/p>\n","protected":false},"author":24,"featured_media":350935,"comment_status":"closed","ping_status":"closed","sticky":false,"template":"","format":"standard","meta":{"footnotes":""},"categories":[597,20724,467,7541],"tags":[],"class_list":["post-350934","post","type-post","status-publish","format-standard","has-post-thumbnail","","category-cinta-de-noticias","category-minuto-a-minuto","category-siria-y-el-mundo","category-ultimas-noticias"],"_links":{"self":[{"href":"https:\/\/archive.sana.sy\/es\/index.php?rest_route=\/wp\/v2\/posts\/350934"}],"collection":[{"href":"https:\/\/archive.sana.sy\/es\/index.php?rest_route=\/wp\/v2\/posts"}],"about":[{"href":"https:\/\/archive.sana.sy\/es\/index.php?rest_route=\/wp\/v2\/types\/post"}],"author":[{"embeddable":true,"href":"https:\/\/archive.sana.sy\/es\/index.php?rest_route=\/wp\/v2\/users\/24"}],"replies":[{"embeddable":true,"href":"https:\/\/archive.sana.sy\/es\/index.php?rest_route=%2Fwp%2Fv2%2Fcomments&post=350934"}],"version-history":[{"count":2,"href":"https:\/\/archive.sana.sy\/es\/index.php?rest_route=\/wp\/v2\/posts\/350934\/revisions"}],"predecessor-version":[{"id":350937,"href":"https:\/\/archive.sana.sy\/es\/index.php?rest_route=\/wp\/v2\/posts\/350934\/revisions\/350937"}],"wp:featuredmedia":[{"embeddable":true,"href":"https:\/\/archive.sana.sy\/es\/index.php?rest_route=\/wp\/v2\/media\/350935"}],"wp:attachment":[{"href":"https:\/\/archive.sana.sy\/es\/index.php?rest_route=%2Fwp%2Fv2%2Fmedia&parent=350934"}],"wp:term":[{"taxonomy":"category","embeddable":true,"href":"https:\/\/archive.sana.sy\/es\/index.php?rest_route=%2Fwp%2Fv2%2Fcategories&post=350934"},{"taxonomy":"post_tag","embeddable":true,"href":"https:\/\/archive.sana.sy\/es\/index.php?rest_route=%2Fwp%2Fv2%2Ftags&post=350934"}],"curies":[{"name":"wp","href":"https:\/\/api.w.org\/{rel}","templated":true}]}}