{"id":350938,"date":"2025-04-16T19:37:03","date_gmt":"2025-04-16T16:37:03","guid":{"rendered":"https:\/\/sana.sy\/es\/?p=350938"},"modified":"2025-04-16T19:44:15","modified_gmt":"2025-04-16T16:44:15","slug":"alemania-expresa-disposicion-para-responder-a-todas-las-necesidades-del-ministerio-de-salud-sirio","status":"publish","type":"post","link":"https:\/\/archive.sana.sy\/es\/?p=350938","title":{"rendered":"Alemania expresa disposici\u00f3n para responder a todas las necesidades del Ministerio de Salud sirio"},"content":{"rendered":"<p style=\"text-align: justify\"><span style=\"color: #800000\"><strong>Damasco, 16 abr (SANA)<\/strong><\/span> El ministro de Salud, Mosab Al-Ali, sostuvo este mi\u00e9rcoles conversaciones con la encargada de negocios de Alemania en Damasco, Margaret Jacob, sobre las formas de blindar la cooperaci\u00f3n en el \u00e1mbito de la salud.<\/p>\n<p style=\"text-align: justify\">Durante el encuentro, que tuvo lugar en la sede del Ministerio, el ministro Al-Ali resalt\u00f3 los desaf\u00edos que enfrenta el sector de salud en Siria, especialmente en lo relacionado con la atenci\u00f3n m\u00e9dica, la salud mental y la escasez de medicamentos de tratamiento del c\u00e1ncer.<\/p>\n<p style=\"text-align: justify\">Por su parte, la diplom\u00e1tica alemana reiter\u00f3 el apoyo de su pa\u00eds al gobierno y al pueblo sirio, y su disposici\u00f3n para responder a todas las necesidades del Ministerio de Salud.<\/p>\n<p style=\"text-align: justify\">\n","protected":false},"excerpt":{"rendered":"<p>Damasco, 16 abr (SANA) El ministro de Salud, Mosab Al-Ali, sostuvo este mi\u00e9rcoles conversaciones con la encargada de negocios de Alemania en Damasco, Margaret Jacob, sobre las formas de blindar la cooperaci\u00f3n en el \u00e1mbito de la salud. Durante el encuentro, que tuvo lugar en la sede del Ministerio, el ministro Al-Ali resalt\u00f3 los desaf\u00edos &hellip;<\/p>\n","protected":false},"author":24,"featured_media":350939,"comment_status":"closed","ping_status":"closed","sticky":false,"template":"","format":"standard","meta":{"footnotes":""},"categories":[597,20724,476,467,7541],"tags":[],"class_list":["post-350938","post","type-post","status-publish","format-standard","has-post-thumbnail","","category-cinta-de-noticias","category-minuto-a-minuto","category-locales","category-siria-y-el-mundo","category-ultimas-noticias"],"_links":{"self":[{"href":"https:\/\/archive.sana.sy\/es\/index.php?rest_route=\/wp\/v2\/posts\/350938"}],"collection":[{"href":"https:\/\/archive.sana.sy\/es\/index.php?rest_route=\/wp\/v2\/posts"}],"about":[{"href":"https:\/\/archive.sana.sy\/es\/index.php?rest_route=\/wp\/v2\/types\/post"}],"author":[{"embeddable":true,"href":"https:\/\/archive.sana.sy\/es\/index.php?rest_route=\/wp\/v2\/users\/24"}],"replies":[{"embeddable":true,"href":"https:\/\/archive.sana.sy\/es\/index.php?rest_route=%2Fwp%2Fv2%2Fcomments&post=350938"}],"version-history":[{"count":1,"href":"https:\/\/archive.sana.sy\/es\/index.php?rest_route=\/wp\/v2\/posts\/350938\/revisions"}],"predecessor-version":[{"id":350940,"href":"https:\/\/archive.sana.sy\/es\/index.php?rest_route=\/wp\/v2\/posts\/350938\/revisions\/350940"}],"wp:featuredmedia":[{"embeddable":true,"href":"https:\/\/archive.sana.sy\/es\/index.php?rest_route=\/wp\/v2\/media\/350939"}],"wp:attachment":[{"href":"https:\/\/archive.sana.sy\/es\/index.php?rest_route=%2Fwp%2Fv2%2Fmedia&parent=350938"}],"wp:term":[{"taxonomy":"category","embeddable":true,"href":"https:\/\/archive.sana.sy\/es\/index.php?rest_route=%2Fwp%2Fv2%2Fcategories&post=350938"},{"taxonomy":"post_tag","embeddable":true,"href":"https:\/\/archive.sana.sy\/es\/index.php?rest_route=%2Fwp%2Fv2%2Ftags&post=350938"}],"curies":[{"name":"wp","href":"https:\/\/api.w.org\/{rel}","templated":true}]}}