{"id":350941,"date":"2025-04-16T19:59:02","date_gmt":"2025-04-16T16:59:02","guid":{"rendered":"https:\/\/sana.sy\/es\/?p=350941"},"modified":"2025-04-16T19:59:02","modified_gmt":"2025-04-16T16:59:02","slug":"gobierno-sirio-debate-con-una-delegacion-del-banco-mundial-los-preparativos-para-una-reunion-ampliada","status":"publish","type":"post","link":"https:\/\/archive.sana.sy\/es\/?p=350941","title":{"rendered":"Gobierno sirio debate con una delegaci\u00f3n del Banco Mundial los preparativos para una reuni\u00f3n ampliada"},"content":{"rendered":"<p style=\"text-align: justify\"><span style=\"color: #800000\"><strong>Damasco, 16 abr (SANA)<\/strong><\/span> El Gobierno sirio, junto con el Gobernador del Banco Central de Siria, celebr\u00f3 una reuni\u00f3n conjunta con una delegaci\u00f3n del Banco Mundial.<\/p>\n<p style=\"text-align: justify\">Durante la reuni\u00f3n se abordaron los mecanismos de mitigar los efectos de las sanciones econ\u00f3micas impuestas a Siria, de facilitar las transferencias financieras y activar herramientas destinadas a reavivar la econom\u00eda siria, con un enfoque especial en los sectores productivos y estrat\u00e9gicos.<\/p>\n<p style=\"text-align: justify\">Se acord\u00f3 tambi\u00e9n elaborar una hoja de ruta conjunta que incluya las prioridades de trabajo para el pr\u00f3ximo per\u00edodo en preparaci\u00f3n para la reuni\u00f3n ampliada prevista para este abril, la cual constituir\u00e1 una plataforma fundamental para mejorar la cooperaci\u00f3n t\u00e9cnica y lanzar programas de apoyo econ\u00f3mico a Siria.<\/p>\n<p style=\"text-align: justify\">El Gabinete sirio destac\u00f3 la importancia de adoptar un enfoque realista basado en el respeto a la soberan\u00eda nacional y vincular la recuperaci\u00f3n econ\u00f3mica a la mejora de las condiciones de vida de los ciudadanos. Por su parte, la delegaci\u00f3n del Banco Mundial expres\u00f3 su voluntad de continuar la coordinaci\u00f3n dentro de los marcos acordados.<\/p>\n","protected":false},"excerpt":{"rendered":"<p>Damasco, 16 abr (SANA) El Gobierno sirio, junto con el Gobernador del Banco Central de Siria, celebr\u00f3 una reuni\u00f3n conjunta con una delegaci\u00f3n del Banco Mundial. Durante la reuni\u00f3n se abordaron los mecanismos de mitigar los efectos de las sanciones econ\u00f3micas impuestas a Siria, de facilitar las transferencias financieras y activar herramientas destinadas a reavivar &hellip;<\/p>\n","protected":false},"author":24,"featured_media":350942,"comment_status":"closed","ping_status":"closed","sticky":false,"template":"","format":"standard","meta":{"footnotes":""},"categories":[597,20724,467,7541],"tags":[],"class_list":["post-350941","post","type-post","status-publish","format-standard","has-post-thumbnail","","category-cinta-de-noticias","category-minuto-a-minuto","category-siria-y-el-mundo","category-ultimas-noticias"],"_links":{"self":[{"href":"https:\/\/archive.sana.sy\/es\/index.php?rest_route=\/wp\/v2\/posts\/350941"}],"collection":[{"href":"https:\/\/archive.sana.sy\/es\/index.php?rest_route=\/wp\/v2\/posts"}],"about":[{"href":"https:\/\/archive.sana.sy\/es\/index.php?rest_route=\/wp\/v2\/types\/post"}],"author":[{"embeddable":true,"href":"https:\/\/archive.sana.sy\/es\/index.php?rest_route=\/wp\/v2\/users\/24"}],"replies":[{"embeddable":true,"href":"https:\/\/archive.sana.sy\/es\/index.php?rest_route=%2Fwp%2Fv2%2Fcomments&post=350941"}],"version-history":[{"count":1,"href":"https:\/\/archive.sana.sy\/es\/index.php?rest_route=\/wp\/v2\/posts\/350941\/revisions"}],"predecessor-version":[{"id":350943,"href":"https:\/\/archive.sana.sy\/es\/index.php?rest_route=\/wp\/v2\/posts\/350941\/revisions\/350943"}],"wp:featuredmedia":[{"embeddable":true,"href":"https:\/\/archive.sana.sy\/es\/index.php?rest_route=\/wp\/v2\/media\/350942"}],"wp:attachment":[{"href":"https:\/\/archive.sana.sy\/es\/index.php?rest_route=%2Fwp%2Fv2%2Fmedia&parent=350941"}],"wp:term":[{"taxonomy":"category","embeddable":true,"href":"https:\/\/archive.sana.sy\/es\/index.php?rest_route=%2Fwp%2Fv2%2Fcategories&post=350941"},{"taxonomy":"post_tag","embeddable":true,"href":"https:\/\/archive.sana.sy\/es\/index.php?rest_route=%2Fwp%2Fv2%2Ftags&post=350941"}],"curies":[{"name":"wp","href":"https:\/\/api.w.org\/{rel}","templated":true}]}}