{"id":350944,"date":"2025-04-17T09:38:35","date_gmt":"2025-04-17T06:38:35","guid":{"rendered":"https:\/\/sana.sy\/es\/?p=350944"},"modified":"2025-04-17T09:38:50","modified_gmt":"2025-04-17T06:38:50","slug":"aerolinea-siria-se-prepara-para-reanudar-sus-vuelos-a-emiratos-arabes-unidos","status":"publish","type":"post","link":"https:\/\/archive.sana.sy\/es\/?p=350944","title":{"rendered":"Aerol\u00ednea Siria se prepara para reanudar sus vuelos a Emiratos \u00c1rabes Unidos"},"content":{"rendered":"<p style=\"text-align: justify;\"><strong><span style=\"color: #800000;\">Damasco, 17 abr (SANA)\u00a0\u00a0<\/span> <\/strong>La aerol\u00ednea siria (Syrian Airlines) ha anunciado su disposici\u00f3n a reanudar los vuelos a los Emiratos \u00c1rabes Unidos. \u200f<\/p>\n<p style=\"text-align: justify;\">La compa\u00f1\u00eda indic\u00f3, a trav\u00e9s de su p\u00e1gina oficial de Facebook, que actualmente trabaja para completar los arreglos t\u00e9cnicos y log\u00edsticos necesarios, en coordinaci\u00f3n con la Autoridad de Aviaci\u00f3n Civil de Siria y su par en Emiratos \u00c1rabes Unidos, en preparaci\u00f3n para la reanudaci\u00f3n de los vuelos directos entre los dos pa\u00edses hermanos. \u200f<\/p>\n<p style=\"text-align: justify;\">Afirm\u00f3 que la programaci\u00f3n oficial de vuelos, incluidos los horarios operativos iniciales y los detalles del destino, se anunciar\u00e1 pronto una vez que se complete el protocolo operativo y se reciban las aprobaciones regulatorias finales.<\/p>\n","protected":false},"excerpt":{"rendered":"<p>Damasco, 17 abr (SANA)\u00a0\u00a0 La aerol\u00ednea siria (Syrian Airlines) ha anunciado su disposici\u00f3n a reanudar los vuelos a los Emiratos \u00c1rabes Unidos. \u200f La compa\u00f1\u00eda indic\u00f3, a trav\u00e9s de su p\u00e1gina oficial de Facebook, que actualmente trabaja para completar los arreglos t\u00e9cnicos y log\u00edsticos necesarios, en coordinaci\u00f3n con la Autoridad de Aviaci\u00f3n Civil de Siria &hellip;<\/p>\n","protected":false},"author":35,"featured_media":350945,"comment_status":"closed","ping_status":"closed","sticky":false,"template":"","format":"standard","meta":{"footnotes":""},"categories":[597,20724,476,16688,7541],"tags":[],"class_list":["post-350944","post","type-post","status-publish","format-standard","has-post-thumbnail","","category-cinta-de-noticias","category-minuto-a-minuto","category-locales","category-nacionales","category-ultimas-noticias"],"_links":{"self":[{"href":"https:\/\/archive.sana.sy\/es\/index.php?rest_route=\/wp\/v2\/posts\/350944"}],"collection":[{"href":"https:\/\/archive.sana.sy\/es\/index.php?rest_route=\/wp\/v2\/posts"}],"about":[{"href":"https:\/\/archive.sana.sy\/es\/index.php?rest_route=\/wp\/v2\/types\/post"}],"author":[{"embeddable":true,"href":"https:\/\/archive.sana.sy\/es\/index.php?rest_route=\/wp\/v2\/users\/35"}],"replies":[{"embeddable":true,"href":"https:\/\/archive.sana.sy\/es\/index.php?rest_route=%2Fwp%2Fv2%2Fcomments&post=350944"}],"version-history":[{"count":2,"href":"https:\/\/archive.sana.sy\/es\/index.php?rest_route=\/wp\/v2\/posts\/350944\/revisions"}],"predecessor-version":[{"id":350947,"href":"https:\/\/archive.sana.sy\/es\/index.php?rest_route=\/wp\/v2\/posts\/350944\/revisions\/350947"}],"wp:featuredmedia":[{"embeddable":true,"href":"https:\/\/archive.sana.sy\/es\/index.php?rest_route=\/wp\/v2\/media\/350945"}],"wp:attachment":[{"href":"https:\/\/archive.sana.sy\/es\/index.php?rest_route=%2Fwp%2Fv2%2Fmedia&parent=350944"}],"wp:term":[{"taxonomy":"category","embeddable":true,"href":"https:\/\/archive.sana.sy\/es\/index.php?rest_route=%2Fwp%2Fv2%2Fcategories&post=350944"},{"taxonomy":"post_tag","embeddable":true,"href":"https:\/\/archive.sana.sy\/es\/index.php?rest_route=%2Fwp%2Fv2%2Ftags&post=350944"}],"curies":[{"name":"wp","href":"https:\/\/api.w.org\/{rel}","templated":true}]}}