{"id":350948,"date":"2025-04-17T09:44:55","date_gmt":"2025-04-17T06:44:55","guid":{"rendered":"https:\/\/sana.sy\/es\/?p=350948"},"modified":"2025-04-17T09:45:24","modified_gmt":"2025-04-17T06:45:24","slug":"aboul-gheit-insta-a-las-organizaciones-e-instituciones-arabes-a-apoyar-los-proyectos-de-reconstruccion-en-siria-y-gaza","status":"publish","type":"post","link":"https:\/\/archive.sana.sy\/es\/?p=350948","title":{"rendered":"Aboul Gheit insta a las organizaciones e instituciones \u00e1rabes a apoyar los proyectos de reconstrucci\u00f3n en Siria y Gaza"},"content":{"rendered":"<p style=\"text-align: justify;\"><strong><span style=\"color: #800000;\">T\u00fanez , 17 abr (SANA)<\/span>\u00a0 <\/strong>El secretario general de la Liga \u00c1rabe, Ahmed Aboul Gheit, pidi\u00f3 hoy a las organizaciones e instituciones \u00e1rabes que apoyen los proyectos de reconstrucci\u00f3n en Siria y la Franja de Gaza.<\/p>\n<p style=\"text-align: justify;\">&#8220;He instruido colocar la cuesti\u00f3n del papel de las organizaciones e instituciones de acci\u00f3n \u00e1rabe conjunta en el apoyo a los pa\u00edses post-conflicto y la promoci\u00f3n de proyectos de reconstrucci\u00f3n en Siria y la Franja de Gaza, en lo m\u00e1s alto de la agenda&#8221;, public\u00f3 el sitio web Al-Ahram Gate citando a Aboul Gheit en un discurso durante la apertura de la 57\u00aa sesi\u00f3n del Comit\u00e9 Superior de Coordinaci\u00f3n para la Acci\u00f3n \u00c1rabe Conjunta en T\u00fanez.<\/p>\n","protected":false},"excerpt":{"rendered":"<p>T\u00fanez , 17 abr (SANA)\u00a0 El secretario general de la Liga \u00c1rabe, Ahmed Aboul Gheit, pidi\u00f3 hoy a las organizaciones e instituciones \u00e1rabes que apoyen los proyectos de reconstrucci\u00f3n en Siria y la Franja de Gaza. &#8220;He instruido colocar la cuesti\u00f3n del papel de las organizaciones e instituciones de acci\u00f3n \u00e1rabe conjunta en el apoyo &hellip;<\/p>\n","protected":false},"author":35,"featured_media":350949,"comment_status":"closed","ping_status":"closed","sticky":false,"template":"","format":"standard","meta":{"footnotes":""},"categories":[597,20724,467,7541],"tags":[],"class_list":["post-350948","post","type-post","status-publish","format-standard","has-post-thumbnail","","category-cinta-de-noticias","category-minuto-a-minuto","category-siria-y-el-mundo","category-ultimas-noticias"],"_links":{"self":[{"href":"https:\/\/archive.sana.sy\/es\/index.php?rest_route=\/wp\/v2\/posts\/350948"}],"collection":[{"href":"https:\/\/archive.sana.sy\/es\/index.php?rest_route=\/wp\/v2\/posts"}],"about":[{"href":"https:\/\/archive.sana.sy\/es\/index.php?rest_route=\/wp\/v2\/types\/post"}],"author":[{"embeddable":true,"href":"https:\/\/archive.sana.sy\/es\/index.php?rest_route=\/wp\/v2\/users\/35"}],"replies":[{"embeddable":true,"href":"https:\/\/archive.sana.sy\/es\/index.php?rest_route=%2Fwp%2Fv2%2Fcomments&post=350948"}],"version-history":[{"count":2,"href":"https:\/\/archive.sana.sy\/es\/index.php?rest_route=\/wp\/v2\/posts\/350948\/revisions"}],"predecessor-version":[{"id":350951,"href":"https:\/\/archive.sana.sy\/es\/index.php?rest_route=\/wp\/v2\/posts\/350948\/revisions\/350951"}],"wp:featuredmedia":[{"embeddable":true,"href":"https:\/\/archive.sana.sy\/es\/index.php?rest_route=\/wp\/v2\/media\/350949"}],"wp:attachment":[{"href":"https:\/\/archive.sana.sy\/es\/index.php?rest_route=%2Fwp%2Fv2%2Fmedia&parent=350948"}],"wp:term":[{"taxonomy":"category","embeddable":true,"href":"https:\/\/archive.sana.sy\/es\/index.php?rest_route=%2Fwp%2Fv2%2Fcategories&post=350948"},{"taxonomy":"post_tag","embeddable":true,"href":"https:\/\/archive.sana.sy\/es\/index.php?rest_route=%2Fwp%2Fv2%2Ftags&post=350948"}],"curies":[{"name":"wp","href":"https:\/\/api.w.org\/{rel}","templated":true}]}}