{"id":350973,"date":"2025-04-17T13:16:22","date_gmt":"2025-04-17T10:16:22","guid":{"rendered":"https:\/\/sana.sy\/es\/?p=350973"},"modified":"2025-04-17T13:17:36","modified_gmt":"2025-04-17T10:17:36","slug":"nueva-bandera-de-siria-testigo-de-la-historia-y-la-esperanza-del-futuro","status":"publish","type":"post","link":"https:\/\/archive.sana.sy\/es\/?p=350973","title":{"rendered":"Nueva bandera de Siria, testigo de la historia y la esperanza del futuro"},"content":{"rendered":"<blockquote><p><span style=\"color: #800000;\"><strong>La ense\u00f1a que ondea ahora en edificios oficiales y embajadas no es, en realidad, nueva, sino la recuperaci\u00f3n de un s\u00edmbolo hist\u00f3rico de independencia y libertad.<\/strong><\/span><\/p><\/blockquote>\n<p><span style=\"color: #800000;\"><strong>Damasco, 17 abr (SANA)<\/strong>\u00a0 \u00a0<\/span>Tras la liberaci\u00f3n de Siria del r\u00e9gimen de Al-Assad, toda las ciudades sirias se hundieron con la nueva bandera siria que est\u00e1 compuesta por tres franjas horizontales: verde en la parte superior, blanca en el centro y negra en la inferior, con tres estrellas rojas en el medio.<\/p>\n<p>La adopci\u00f3n de la nueva bandera nacional marca el fin de m\u00e1s de medio siglo de gobierno de la familia Al-Assad y simboliza el comienzo de una nueva era para el pueblo sirio.<\/p>\n<p><img loading=\"lazy\" decoding=\"async\" class=\"size-medium wp-image-350975 alignright\" src=\"http:\/\/sana.sy\/es\/wp-content\/uploads\/2025\/04\/photo_2025-04-17_12-59-49-300x180.jpg\" alt=\"\" width=\"300\" height=\"180\" srcset=\"https:\/\/archive.sana.sy\/es\/wp-content\/uploads\/2025\/04\/photo_2025-04-17_12-59-49-300x180.jpg 300w, https:\/\/archive.sana.sy\/es\/wp-content\/uploads\/2025\/04\/photo_2025-04-17_12-59-49-150x90.jpg 150w, https:\/\/archive.sana.sy\/es\/wp-content\/uploads\/2025\/04\/photo_2025-04-17_12-59-49.jpg 730w\" sizes=\"(max-width: 300px) 100vw, 300px\" \/>La ense\u00f1a que ondea ahora en edificios oficiales y embajadas no es, en realidad, nueva, sino la recuperaci\u00f3n de un s\u00edmbolo hist\u00f3rico de independencia y libertad.<\/p>\n<p>La bandera que ahora ondea en Siria tiene sus ra\u00edces en 1932, cuando el pa\u00eds comenz\u00f3 la lucha por su independencia de Francia. Era la primera bandera de la Siria independiente y se utiliz\u00f3 hasta la llegada al poder del movimiento baazista.<\/p>\n<p>Desde el comienzo de Revoluci\u00f3n Siria en 2011, esta bandera se convirti\u00f3 en un s\u00edmbolo de la oposici\u00f3n al criminal r\u00e9gimen de Assad.<\/p>\n<p><strong>Cada color de la bandera tiene un significado espec\u00edfico:<\/strong><\/p>\n<p><strong>Franja verde:<\/strong> elemento isl\u00e1mico que representa el tributo a la dinast\u00eda fatim\u00ed, el cuarto califato isl\u00e1mico, que domin\u00f3 el norte de \u00c1frica y el Levante entre el 909 y el 1171.<\/p>\n<p><strong>Franja blanca:<\/strong> rinde tributo al califato omeya, cuyo centro fue Damasco, simbolizando el orgullo hist\u00f3rico de Siria como n\u00facleo de la civilizaci\u00f3n \u00e1rabe. Simboliza el pasado glorioso, la pureza, la paz y el futuro brillante y pac\u00edfico tras a\u00f1os de conflicto..<\/p>\n<p><strong>Franja negra:<\/strong> rinde tributo al califato abas\u00ed y simboliza la superaci\u00f3n de la opresi\u00f3n sufrida por el pueblo sirio y los \u00e1rabes.<\/p>\n<p><strong>Estrellas rojas:<\/strong> tienen un significado hist\u00f3rico y geogr\u00e1fico que representan las tres provincias hist\u00f3ricas de Siria bajo el mandato franc\u00e9s: Damasco, Alepo y Deir Ezzor.<\/p>\n<p>Despu\u00e9s del amanecer del 8 de diciembre, esta bandera comenz\u00f3 a simbolizar cosas nuevas para los sirios&#8230; los liber\u00f3 de la injusticia, la opresi\u00f3n y el sufrimiento que duraron m\u00e1s de media d\u00e9cada&#8230; sus colores se convirtieron en un s\u00edmbolo de alegr\u00eda, seguridad y paz despu\u00e9s de que fueron liberados de la pandilla m\u00e1s sangrienta de su historia.<\/p>\n<p><span style=\"color: #800000;\"><strong>Watfeh Salloum\/fm<\/strong><\/span><\/p>\n","protected":false},"excerpt":{"rendered":"<p>La ense\u00f1a que ondea ahora en edificios oficiales y embajadas no es, en realidad, nueva, sino la recuperaci\u00f3n de un s\u00edmbolo hist\u00f3rico de independencia y libertad. Damasco, 17 abr (SANA)\u00a0 \u00a0Tras la liberaci\u00f3n de Siria del r\u00e9gimen de Al-Assad, toda las ciudades sirias se hundieron con la nueva bandera siria que est\u00e1 compuesta por tres &hellip;<\/p>\n","protected":false},"author":35,"featured_media":350974,"comment_status":"closed","ping_status":"closed","sticky":false,"template":"","format":"standard","meta":{"footnotes":""},"categories":[597,510,20724,583,7541,18781],"tags":[],"class_list":["post-350973","post","type-post","status-publish","format-standard","has-post-thumbnail","","category-cinta-de-noticias","category-arte-y-cultura","category-minuto-a-minuto","category-slide","category-ultimas-noticias","category-vistazos-sobre-siria"],"_links":{"self":[{"href":"https:\/\/archive.sana.sy\/es\/index.php?rest_route=\/wp\/v2\/posts\/350973"}],"collection":[{"href":"https:\/\/archive.sana.sy\/es\/index.php?rest_route=\/wp\/v2\/posts"}],"about":[{"href":"https:\/\/archive.sana.sy\/es\/index.php?rest_route=\/wp\/v2\/types\/post"}],"author":[{"embeddable":true,"href":"https:\/\/archive.sana.sy\/es\/index.php?rest_route=\/wp\/v2\/users\/35"}],"replies":[{"embeddable":true,"href":"https:\/\/archive.sana.sy\/es\/index.php?rest_route=%2Fwp%2Fv2%2Fcomments&post=350973"}],"version-history":[{"count":3,"href":"https:\/\/archive.sana.sy\/es\/index.php?rest_route=\/wp\/v2\/posts\/350973\/revisions"}],"predecessor-version":[{"id":350978,"href":"https:\/\/archive.sana.sy\/es\/index.php?rest_route=\/wp\/v2\/posts\/350973\/revisions\/350978"}],"wp:featuredmedia":[{"embeddable":true,"href":"https:\/\/archive.sana.sy\/es\/index.php?rest_route=\/wp\/v2\/media\/350974"}],"wp:attachment":[{"href":"https:\/\/archive.sana.sy\/es\/index.php?rest_route=%2Fwp%2Fv2%2Fmedia&parent=350973"}],"wp:term":[{"taxonomy":"category","embeddable":true,"href":"https:\/\/archive.sana.sy\/es\/index.php?rest_route=%2Fwp%2Fv2%2Fcategories&post=350973"},{"taxonomy":"post_tag","embeddable":true,"href":"https:\/\/archive.sana.sy\/es\/index.php?rest_route=%2Fwp%2Fv2%2Ftags&post=350973"}],"curies":[{"name":"wp","href":"https:\/\/api.w.org\/{rel}","templated":true}]}}