{"id":350998,"date":"2025-04-17T17:35:52","date_gmt":"2025-04-17T14:35:52","guid":{"rendered":"https:\/\/sana.sy\/es\/?p=350998"},"modified":"2025-04-17T17:35:52","modified_gmt":"2025-04-17T14:35:52","slug":"ministro-de-energia-recibe-a-delegacion-kuwaiti","status":"publish","type":"post","link":"https:\/\/archive.sana.sy\/es\/?p=350998","title":{"rendered":"Ministro de Energ\u00eda recibe a delegaci\u00f3n kuwait\u00ed"},"content":{"rendered":"<p style=\"text-align: justify;\"><span style=\"color: #800000;\"><strong>Damasco, 17 abr (SANA)<\/strong> <\/span>El ministro de Energ\u00eda, Mohammed Al-Bashir, examin\u00f3 con una delegaci\u00f3n de inversionistas kuwait\u00edes las oportunidades de cooperaci\u00f3n en los campos de energ\u00eda, petr\u00f3leo y electricidad.<\/p>\n<p style=\"text-align: justify;\">Durante la reuni\u00f3n, que se celebr\u00f3 en la sede del Ministerio en Damasco, se abord\u00f3 la realidad del sector energ\u00e9tico y los desaf\u00edos que enfrenta.<\/p>\n","protected":false},"excerpt":{"rendered":"<p>Damasco, 17 abr (SANA) El ministro de Energ\u00eda, Mohammed Al-Bashir, examin\u00f3 con una delegaci\u00f3n de inversionistas kuwait\u00edes las oportunidades de cooperaci\u00f3n en los campos de energ\u00eda, petr\u00f3leo y electricidad. Durante la reuni\u00f3n, que se celebr\u00f3 en la sede del Ministerio en Damasco, se abord\u00f3 la realidad del sector energ\u00e9tico y los desaf\u00edos que enfrenta.<\/p>\n","protected":false},"author":34,"featured_media":350999,"comment_status":"closed","ping_status":"closed","sticky":false,"template":"","format":"standard","meta":{"footnotes":""},"categories":[447,477,597,476,467,7541],"tags":[],"class_list":["post-350998","post","type-post","status-publish","format-standard","has-post-thumbnail","","category-local-politica","category-noticias-edulcorantes","category-cinta-de-noticias","category-locales","category-siria-y-el-mundo","category-ultimas-noticias"],"_links":{"self":[{"href":"https:\/\/archive.sana.sy\/es\/index.php?rest_route=\/wp\/v2\/posts\/350998"}],"collection":[{"href":"https:\/\/archive.sana.sy\/es\/index.php?rest_route=\/wp\/v2\/posts"}],"about":[{"href":"https:\/\/archive.sana.sy\/es\/index.php?rest_route=\/wp\/v2\/types\/post"}],"author":[{"embeddable":true,"href":"https:\/\/archive.sana.sy\/es\/index.php?rest_route=\/wp\/v2\/users\/34"}],"replies":[{"embeddable":true,"href":"https:\/\/archive.sana.sy\/es\/index.php?rest_route=%2Fwp%2Fv2%2Fcomments&post=350998"}],"version-history":[{"count":1,"href":"https:\/\/archive.sana.sy\/es\/index.php?rest_route=\/wp\/v2\/posts\/350998\/revisions"}],"predecessor-version":[{"id":351000,"href":"https:\/\/archive.sana.sy\/es\/index.php?rest_route=\/wp\/v2\/posts\/350998\/revisions\/351000"}],"wp:featuredmedia":[{"embeddable":true,"href":"https:\/\/archive.sana.sy\/es\/index.php?rest_route=\/wp\/v2\/media\/350999"}],"wp:attachment":[{"href":"https:\/\/archive.sana.sy\/es\/index.php?rest_route=%2Fwp%2Fv2%2Fmedia&parent=350998"}],"wp:term":[{"taxonomy":"category","embeddable":true,"href":"https:\/\/archive.sana.sy\/es\/index.php?rest_route=%2Fwp%2Fv2%2Fcategories&post=350998"},{"taxonomy":"post_tag","embeddable":true,"href":"https:\/\/archive.sana.sy\/es\/index.php?rest_route=%2Fwp%2Fv2%2Ftags&post=350998"}],"curies":[{"name":"wp","href":"https:\/\/api.w.org\/{rel}","templated":true}]}}