{"id":351004,"date":"2025-04-17T15:47:26","date_gmt":"2025-04-17T12:47:26","guid":{"rendered":"https:\/\/sana.sy\/es\/?p=351004"},"modified":"2025-04-17T19:47:41","modified_gmt":"2025-04-17T16:47:41","slug":"ministro-de-asuntos-religiosos-y-el-mufti-del-norte-de-gran-bretana-examinan-formas-de-mejorar-la-cooperacion-academica-y-cultural","status":"publish","type":"post","link":"https:\/\/archive.sana.sy\/es\/?p=351004","title":{"rendered":"Ministro de Asuntos Religiosos y el Mufti del Norte de Gran Breta\u00f1a examinan formas de mejorar la cooperaci\u00f3n acad\u00e9mica y cultural"},"content":{"rendered":"<p style=\"text-align: justify;\"><span style=\"color: #800000;\"><strong>Damasco, 17 abr (SANA)\u00a0<\/strong> <\/span>El ministro de Asuntos Religiosos Mohamed Abu El-Khair Shukry, analiz\u00f3 con el Mufti del Norte de Gran Breta\u00f1a, Sheikh Shabir Ahmed, y la delegaci\u00f3n que lo acompa\u00f1a, formas de mejorar la cooperaci\u00f3n acad\u00e9mica y cultural entre ambas partes y apoyar a las comunidades musulmanas en el Reino Unido a trav\u00e9s de iniciativas educativas y comunitarias.<\/p>\n<p style=\"text-align: justify;\">Durante una reuni\u00f3n, celebrada hoy en la sede del Ministerio, se abordaron los mecanismos para abrir institutos especializados en la ense\u00f1anza del derecho isl\u00e1mico y del \u00e1rabe a hablantes no nativos en Occidente, con el objetivo de permitir a los j\u00f3venes musulmanes adquirir una comprensi\u00f3n m\u00e1s profunda del legado isl\u00e1mico.<\/p>\n<p style=\"text-align: justify;\">Las dos partes examinaron la activaci\u00f3n de programas de intercambio cultural y acad\u00e9mico de estudiantes entre la Universidad de Bilad al-Sham y universidades isl\u00e1micas brit\u00e1nicas, para intercambiar experiencia en los campos de estudios isl\u00e1micos y ling\u00fc\u00edsticos, adem\u00e1s de apoyar las actividades de los Scouts Isl\u00e1micos en Gran Breta\u00f1a, que se ocupan de desarrollar habilidades de liderazgo entre los j\u00f3venes y conectarlos con sus ra\u00edces culturales y religiosas.<\/p>\n<p style=\"text-align: justify;\">\n","protected":false},"excerpt":{"rendered":"<p>Damasco, 17 abr (SANA)\u00a0 El ministro de Asuntos Religiosos Mohamed Abu El-Khair Shukry, analiz\u00f3 con el Mufti del Norte de Gran Breta\u00f1a, Sheikh Shabir Ahmed, y la delegaci\u00f3n que lo acompa\u00f1a, formas de mejorar la cooperaci\u00f3n acad\u00e9mica y cultural entre ambas partes y apoyar a las comunidades musulmanas en el Reino Unido a trav\u00e9s de &hellip;<\/p>\n","protected":false},"author":39,"featured_media":351005,"comment_status":"closed","ping_status":"closed","sticky":false,"template":"","format":"standard","meta":{"footnotes":""},"categories":[597,456,20724,467,7541],"tags":[],"class_list":["post-351004","post","type-post","status-publish","format-standard","has-post-thumbnail","","category-cinta-de-noticias","category-arabe-internacional-politica","category-minuto-a-minuto","category-siria-y-el-mundo","category-ultimas-noticias"],"_links":{"self":[{"href":"https:\/\/archive.sana.sy\/es\/index.php?rest_route=\/wp\/v2\/posts\/351004"}],"collection":[{"href":"https:\/\/archive.sana.sy\/es\/index.php?rest_route=\/wp\/v2\/posts"}],"about":[{"href":"https:\/\/archive.sana.sy\/es\/index.php?rest_route=\/wp\/v2\/types\/post"}],"author":[{"embeddable":true,"href":"https:\/\/archive.sana.sy\/es\/index.php?rest_route=\/wp\/v2\/users\/39"}],"replies":[{"embeddable":true,"href":"https:\/\/archive.sana.sy\/es\/index.php?rest_route=%2Fwp%2Fv2%2Fcomments&post=351004"}],"version-history":[{"count":1,"href":"https:\/\/archive.sana.sy\/es\/index.php?rest_route=\/wp\/v2\/posts\/351004\/revisions"}],"predecessor-version":[{"id":351006,"href":"https:\/\/archive.sana.sy\/es\/index.php?rest_route=\/wp\/v2\/posts\/351004\/revisions\/351006"}],"wp:featuredmedia":[{"embeddable":true,"href":"https:\/\/archive.sana.sy\/es\/index.php?rest_route=\/wp\/v2\/media\/351005"}],"wp:attachment":[{"href":"https:\/\/archive.sana.sy\/es\/index.php?rest_route=%2Fwp%2Fv2%2Fmedia&parent=351004"}],"wp:term":[{"taxonomy":"category","embeddable":true,"href":"https:\/\/archive.sana.sy\/es\/index.php?rest_route=%2Fwp%2Fv2%2Fcategories&post=351004"},{"taxonomy":"post_tag","embeddable":true,"href":"https:\/\/archive.sana.sy\/es\/index.php?rest_route=%2Fwp%2Fv2%2Ftags&post=351004"}],"curies":[{"name":"wp","href":"https:\/\/api.w.org\/{rel}","templated":true}]}}