{"id":351024,"date":"2025-04-18T09:10:32","date_gmt":"2025-04-18T06:10:32","guid":{"rendered":"https:\/\/sana.sy\/es\/?p=351024"},"modified":"2025-04-18T09:10:32","modified_gmt":"2025-04-18T06:10:32","slug":"presidente-al-shara-recibe-al-director-ejecutivo-del-foro-economico-mundial","status":"publish","type":"post","link":"https:\/\/archive.sana.sy\/es\/?p=351024","title":{"rendered":"Presidente Al-Shara recibe al director ejecutivo del Foro Econ\u00f3mico Mundial"},"content":{"rendered":"<p style=\"text-align: justify;\"><span style=\"color: #800000;\"><strong>Damasco, 18 abr (SANA)<\/strong><\/span>\u00a0 El presidente sirio Ahmed Al-Shara, recibi\u00f3 en el Palacio del Pueblo a Maroun Kairouz, el director ejecutivo del Foro Econ\u00f3mico Mundial.<\/p>\n<p style=\"text-align: justify;\">Al encuentro, asisti\u00f3 el ministro de Asuntos Exteriores, Asaad Al-Shaibani.<\/p>\n<div id='gallery-1' class='gallery galleryid-351024 gallery-columns-1 gallery-size-full'><figure class='gallery-item'>\n\t\t\t<div class='gallery-icon landscape'>\n\t\t\t\t<a href='https:\/\/archive.sana.sy\/es\/?attachment_id=351026'><img loading=\"lazy\" decoding=\"async\" width=\"660\" height=\"370\" src=\"https:\/\/archive.sana.sy\/es\/wp-content\/uploads\/2025\/04\/photo_2025-04-17_23-20-51-copy.jpg\" class=\"attachment-full size-full\" alt=\"\" srcset=\"https:\/\/archive.sana.sy\/es\/wp-content\/uploads\/2025\/04\/photo_2025-04-17_23-20-51-copy.jpg 660w, https:\/\/archive.sana.sy\/es\/wp-content\/uploads\/2025\/04\/photo_2025-04-17_23-20-51-copy-300x168.jpg 300w, https:\/\/archive.sana.sy\/es\/wp-content\/uploads\/2025\/04\/photo_2025-04-17_23-20-51-copy-150x84.jpg 150w\" sizes=\"(max-width: 660px) 100vw, 660px\" \/><\/a>\n\t\t\t<\/div><\/figure><figure class='gallery-item'>\n\t\t\t<div class='gallery-icon landscape'>\n\t\t\t\t<a href='https:\/\/archive.sana.sy\/es\/?attachment_id=351027'><img loading=\"lazy\" decoding=\"async\" width=\"660\" height=\"370\" src=\"https:\/\/archive.sana.sy\/es\/wp-content\/uploads\/2025\/04\/photo_2025-04-17_23-22-01-copy.jpg\" class=\"attachment-full size-full\" alt=\"\" srcset=\"https:\/\/archive.sana.sy\/es\/wp-content\/uploads\/2025\/04\/photo_2025-04-17_23-22-01-copy.jpg 660w, https:\/\/archive.sana.sy\/es\/wp-content\/uploads\/2025\/04\/photo_2025-04-17_23-22-01-copy-300x168.jpg 300w, https:\/\/archive.sana.sy\/es\/wp-content\/uploads\/2025\/04\/photo_2025-04-17_23-22-01-copy-150x84.jpg 150w\" sizes=\"(max-width: 660px) 100vw, 660px\" \/><\/a>\n\t\t\t<\/div><\/figure>\n\t\t<\/div>\n\n","protected":false},"excerpt":{"rendered":"<p>Damasco, 18 abr (SANA)\u00a0 El presidente sirio Ahmed Al-Shara, recibi\u00f3 en el Palacio del Pueblo a Maroun Kairouz, el director ejecutivo del Foro Econ\u00f3mico Mundial. Al encuentro, asisti\u00f3 el ministro de Asuntos Exteriores, Asaad Al-Shaibani.<\/p>\n","protected":false},"author":39,"featured_media":351025,"comment_status":"closed","ping_status":"closed","sticky":false,"template":"","format":"standard","meta":{"footnotes":""},"categories":[597,456,20724,467,583],"tags":[],"class_list":["post-351024","post","type-post","status-publish","format-standard","has-post-thumbnail","","category-cinta-de-noticias","category-arabe-internacional-politica","category-minuto-a-minuto","category-siria-y-el-mundo","category-slide"],"_links":{"self":[{"href":"https:\/\/archive.sana.sy\/es\/index.php?rest_route=\/wp\/v2\/posts\/351024"}],"collection":[{"href":"https:\/\/archive.sana.sy\/es\/index.php?rest_route=\/wp\/v2\/posts"}],"about":[{"href":"https:\/\/archive.sana.sy\/es\/index.php?rest_route=\/wp\/v2\/types\/post"}],"author":[{"embeddable":true,"href":"https:\/\/archive.sana.sy\/es\/index.php?rest_route=\/wp\/v2\/users\/39"}],"replies":[{"embeddable":true,"href":"https:\/\/archive.sana.sy\/es\/index.php?rest_route=%2Fwp%2Fv2%2Fcomments&post=351024"}],"version-history":[{"count":1,"href":"https:\/\/archive.sana.sy\/es\/index.php?rest_route=\/wp\/v2\/posts\/351024\/revisions"}],"predecessor-version":[{"id":351028,"href":"https:\/\/archive.sana.sy\/es\/index.php?rest_route=\/wp\/v2\/posts\/351024\/revisions\/351028"}],"wp:featuredmedia":[{"embeddable":true,"href":"https:\/\/archive.sana.sy\/es\/index.php?rest_route=\/wp\/v2\/media\/351025"}],"wp:attachment":[{"href":"https:\/\/archive.sana.sy\/es\/index.php?rest_route=%2Fwp%2Fv2%2Fmedia&parent=351024"}],"wp:term":[{"taxonomy":"category","embeddable":true,"href":"https:\/\/archive.sana.sy\/es\/index.php?rest_route=%2Fwp%2Fv2%2Fcategories&post=351024"},{"taxonomy":"post_tag","embeddable":true,"href":"https:\/\/archive.sana.sy\/es\/index.php?rest_route=%2Fwp%2Fv2%2Ftags&post=351024"}],"curies":[{"name":"wp","href":"https:\/\/api.w.org\/{rel}","templated":true}]}}