{"id":351044,"date":"2025-04-18T10:47:55","date_gmt":"2025-04-18T07:47:55","guid":{"rendered":"https:\/\/sana.sy\/es\/?p=351044"},"modified":"2025-04-18T10:47:55","modified_gmt":"2025-04-18T07:47:55","slug":"siria-gana-membresia-en-la-federacion-arabe-de-atletismo","status":"publish","type":"post","link":"https:\/\/archive.sana.sy\/es\/?p=351044","title":{"rendered":"Siria gana membres\u00eda en la Federaci\u00f3n \u00c1rabe de Atletismo"},"content":{"rendered":"<p style=\"text-align: justify;\"><span style=\"color: #800000;\"><strong>Riad, 18 abr (SANA)<\/strong><\/span>\u00a0 Siria obtuvo la membres\u00eda en la Federaci\u00f3n \u00c1rabe de Atletismo, en el marco de la 20\u00aa Asamblea General de la referida entidad que se celebr\u00f3 en Dammam, Arabia Saudita.<\/p>\n<p style=\"text-align: justify;\">Las reuniones incluyeron la elecci\u00f3n de una nueva junta directiva para la Federaci\u00f3n \u00c1rabe de Atletismo. Siria consigui\u00f3 uno de los esca\u00f1os asignados al continente asi\u00e1tico a trav\u00e9s del presidente de la Federaci\u00f3n, Suleiman Huwaila.<\/p>\n<p style=\"text-align: justify;\">La elecci\u00f3n de Siria a la Federaci\u00f3n \u00c1rabe representa una fuerte presencia para el deporte sirio en general y para la Madre de los Juegos en particular. Es un resultado natural de la posici\u00f3n del deporte sirio en el mapa \u00e1rabe y asi\u00e1tico, y crea un incentivo para competir en todos los torneos pr\u00f3ximos.<\/p>\n","protected":false},"excerpt":{"rendered":"<p>Riad, 18 abr (SANA)\u00a0 Siria obtuvo la membres\u00eda en la Federaci\u00f3n \u00c1rabe de Atletismo, en el marco de la 20\u00aa Asamblea General de la referida entidad que se celebr\u00f3 en Dammam, Arabia Saudita. Las reuniones incluyeron la elecci\u00f3n de una nueva junta directiva para la Federaci\u00f3n \u00c1rabe de Atletismo. Siria consigui\u00f3 uno de los esca\u00f1os &hellip;<\/p>\n","protected":false},"author":39,"featured_media":351045,"comment_status":"closed","ping_status":"closed","sticky":false,"template":"","format":"standard","meta":{"footnotes":""},"categories":[597,456,20724,467],"tags":[],"class_list":["post-351044","post","type-post","status-publish","format-standard","has-post-thumbnail","","category-cinta-de-noticias","category-arabe-internacional-politica","category-minuto-a-minuto","category-siria-y-el-mundo"],"_links":{"self":[{"href":"https:\/\/archive.sana.sy\/es\/index.php?rest_route=\/wp\/v2\/posts\/351044"}],"collection":[{"href":"https:\/\/archive.sana.sy\/es\/index.php?rest_route=\/wp\/v2\/posts"}],"about":[{"href":"https:\/\/archive.sana.sy\/es\/index.php?rest_route=\/wp\/v2\/types\/post"}],"author":[{"embeddable":true,"href":"https:\/\/archive.sana.sy\/es\/index.php?rest_route=\/wp\/v2\/users\/39"}],"replies":[{"embeddable":true,"href":"https:\/\/archive.sana.sy\/es\/index.php?rest_route=%2Fwp%2Fv2%2Fcomments&post=351044"}],"version-history":[{"count":1,"href":"https:\/\/archive.sana.sy\/es\/index.php?rest_route=\/wp\/v2\/posts\/351044\/revisions"}],"predecessor-version":[{"id":351046,"href":"https:\/\/archive.sana.sy\/es\/index.php?rest_route=\/wp\/v2\/posts\/351044\/revisions\/351046"}],"wp:featuredmedia":[{"embeddable":true,"href":"https:\/\/archive.sana.sy\/es\/index.php?rest_route=\/wp\/v2\/media\/351045"}],"wp:attachment":[{"href":"https:\/\/archive.sana.sy\/es\/index.php?rest_route=%2Fwp%2Fv2%2Fmedia&parent=351044"}],"wp:term":[{"taxonomy":"category","embeddable":true,"href":"https:\/\/archive.sana.sy\/es\/index.php?rest_route=%2Fwp%2Fv2%2Fcategories&post=351044"},{"taxonomy":"post_tag","embeddable":true,"href":"https:\/\/archive.sana.sy\/es\/index.php?rest_route=%2Fwp%2Fv2%2Ftags&post=351044"}],"curies":[{"name":"wp","href":"https:\/\/api.w.org\/{rel}","templated":true}]}}