{"id":351064,"date":"2025-04-18T13:48:39","date_gmt":"2025-04-18T10:48:39","guid":{"rendered":"https:\/\/sana.sy\/es\/?p=351064"},"modified":"2025-04-18T13:48:39","modified_gmt":"2025-04-18T10:48:39","slug":"turquia-desea-un-acuerdo-de-asociacion-economica-integral-con-siria-afirma-ministro-de-comercio-turco","status":"publish","type":"post","link":"https:\/\/archive.sana.sy\/es\/?p=351064","title":{"rendered":"Turqu\u00eda desea un acuerdo de asociaci\u00f3n econ\u00f3mica integral con Siria, afirma Ministro de Comercio turco"},"content":{"rendered":"<p style=\"text-align: justify;\"><span style=\"color: #800000;\"><strong>Ankara, 18 abr (SANA)\u00a0<\/strong><\/span> El ministro de Comercio turco, \u00d6mer Bolat, expres\u00f3 el deseo de su pa\u00eds de negociar un acuerdo de asociaci\u00f3n econ\u00f3mica integral con Siria.<\/p>\n<p style=\"text-align: justify;\">&#8220;Los funcionarios del gobierno sirio expresaron su deseo de cooperar con Turqu\u00eda en todas las \u00e1reas, desde el aumento del comercio y las inversiones conjuntas, la mejora de la infraestructura y la energ\u00eda, hasta el transporte y las rutas terrestres y mar\u00edtimas&#8221;, dijo Polat a los periodistas, antes de que \u00e9l y la delegaci\u00f3n que lo acompa\u00f1a regresaran de Siria tras una visita de dos d\u00edas, seg\u00fan inform\u00f3 la Agencia Anadolu.<\/p>\n<p style=\"text-align: justify;\">El titular turco reiter\u00f3 el compromiso de su pa\u00eds, como Estado, gobierno y pueblo, de apoyar a las nuevas autoridades sirias, tal como siempre ha apoyado al pueblo sirio en su b\u00fasqueda de la libertad.<\/p>\n<p style=\"text-align: justify;\">&#8220;La estabilidad, la fuerza y la unidad de Siria significan la estabilidad y la fuerza de Turqu\u00eda, as\u00ed como la erradicaci\u00f3n\u00a0 del terrorismo y la eliminaci\u00f3n significativa del problema migratorio, y obtener la capacidad de llegar al Golfo y al Medio Oriente por rutas terrestres directas y el aumento del comercio entre los dos pa\u00edses&#8221;, a\u00f1adi\u00f3.<\/p>\n<p style=\"text-align: justify;\">Adem\u00e1s, manifest\u00f3 el deseo de Ankara de negociar un acuerdo integral de asociaci\u00f3n econ\u00f3mica con Damasco en la nueva fase , e inst\u00f3 a los pa\u00edses \u00e1rabes e isl\u00e1micos a tomar medidas decisivas para ayudar a Siria en su reconstrucci\u00f3n.<\/p>\n","protected":false},"excerpt":{"rendered":"<p>Ankara, 18 abr (SANA)\u00a0 El ministro de Comercio turco, \u00d6mer Bolat, expres\u00f3 el deseo de su pa\u00eds de negociar un acuerdo de asociaci\u00f3n econ\u00f3mica integral con Siria. &#8220;Los funcionarios del gobierno sirio expresaron su deseo de cooperar con Turqu\u00eda en todas las \u00e1reas, desde el aumento del comercio y las inversiones conjuntas, la mejora de &hellip;<\/p>\n","protected":false},"author":39,"featured_media":351065,"comment_status":"closed","ping_status":"closed","sticky":false,"template":"","format":"standard","meta":{"footnotes":""},"categories":[597,456,20724,467,7541],"tags":[],"class_list":["post-351064","post","type-post","status-publish","format-standard","has-post-thumbnail","","category-cinta-de-noticias","category-arabe-internacional-politica","category-minuto-a-minuto","category-siria-y-el-mundo","category-ultimas-noticias"],"_links":{"self":[{"href":"https:\/\/archive.sana.sy\/es\/index.php?rest_route=\/wp\/v2\/posts\/351064"}],"collection":[{"href":"https:\/\/archive.sana.sy\/es\/index.php?rest_route=\/wp\/v2\/posts"}],"about":[{"href":"https:\/\/archive.sana.sy\/es\/index.php?rest_route=\/wp\/v2\/types\/post"}],"author":[{"embeddable":true,"href":"https:\/\/archive.sana.sy\/es\/index.php?rest_route=\/wp\/v2\/users\/39"}],"replies":[{"embeddable":true,"href":"https:\/\/archive.sana.sy\/es\/index.php?rest_route=%2Fwp%2Fv2%2Fcomments&post=351064"}],"version-history":[{"count":1,"href":"https:\/\/archive.sana.sy\/es\/index.php?rest_route=\/wp\/v2\/posts\/351064\/revisions"}],"predecessor-version":[{"id":351066,"href":"https:\/\/archive.sana.sy\/es\/index.php?rest_route=\/wp\/v2\/posts\/351064\/revisions\/351066"}],"wp:featuredmedia":[{"embeddable":true,"href":"https:\/\/archive.sana.sy\/es\/index.php?rest_route=\/wp\/v2\/media\/351065"}],"wp:attachment":[{"href":"https:\/\/archive.sana.sy\/es\/index.php?rest_route=%2Fwp%2Fv2%2Fmedia&parent=351064"}],"wp:term":[{"taxonomy":"category","embeddable":true,"href":"https:\/\/archive.sana.sy\/es\/index.php?rest_route=%2Fwp%2Fv2%2Fcategories&post=351064"},{"taxonomy":"post_tag","embeddable":true,"href":"https:\/\/archive.sana.sy\/es\/index.php?rest_route=%2Fwp%2Fv2%2Ftags&post=351064"}],"curies":[{"name":"wp","href":"https:\/\/api.w.org\/{rel}","templated":true}]}}